{"id":30329,"date":"2025-08-15T21:57:53","date_gmt":"2025-08-16T00:57:53","guid":{"rendered":"https:\/\/sabuguinho.com.br\/site\/?p=30329"},"modified":"2025-08-15T21:57:53","modified_gmt":"2025-08-16T00:57:53","slug":"camara-apresenta-exposicao-coletiva-que-resgata-tecnicas-fotograficas","status":"publish","type":"post","link":"https:\/\/sabuguinho.com.br\/site\/camara-apresenta-exposicao-coletiva-que-resgata-tecnicas-fotograficas\/","title":{"rendered":"C\u00e2mara apresenta exposi\u00e7\u00e3o coletiva que resgata t\u00e9cnicas fotogr\u00e1ficas"},"content":{"rendered":"<p>Ser\u00e1 inaugurada nesta segunda (18), \u00e0s 18h, na Galeria D\u00e9cimo da C\u00e2mara dos Deputados, a mostra Apari\u00e7\u00f5es Fotoqu\u00edmicas, com 29 obras produzidas por 18 artistas do Laborat\u00f3rio de Fotografia Alternativa (Lafa). O grupo de pesquisa \u00e9 vinculado \u00e0 Universidade de Bras\u00edlia (UnB) e coordenado pela artista e professora Ruth Sousa. Os integrantes do coletivo se debru\u00e7aram sobre t\u00e9cnicas e suportes fotogr\u00e1ficos do s\u00e9culo XIX, utilizando conhecimentos em vias de serem esquecidos.<br \/>\nCom curadoria do professor Atila Regiani, a exposi\u00e7\u00e3o re\u00fane uma rica colet\u00e2nea de experimentos visuais desenvolvidos com t\u00e9cnicas como a cianotipia e o marrom van dyck, recriadas a partir da s\u00edntese de compostos qu\u00edmicos e da luz solar. As obras tamb\u00e9m incorporam elementos do cerrado brasiliense \u2014 como plantas e a pr\u00f3pria terra vermelha da regi\u00e3o \u2014, em processos como a antotipia e a goma bicromatada. Assim, os artistas atuam ora como cientistas, ora como alquimistas, recorrendo at\u00e9 mesmo a processos que remetem ao xamanismo.<br \/>\nO coletivo dialoga com tradi\u00e7\u00f5es como a fotografia mortu\u00e1ria, bot\u00e2nica e de paisagem, sem deixar de lado os recursos digitais e os debates que atravessam a produ\u00e7\u00e3o de imagens na atualidade.<br \/>\nNa exposi\u00e7\u00e3o, ser\u00e1 distribu\u00eddo aos visitantes material educativo sobre os processos de cianotipia e marrom van dyck.<\/p>\n<p>Servi\u00e7o:<\/p>\n<p>Exposi\u00e7\u00e3o Apari\u00e7\u00f5es Fotoqu\u00edmicas: Investiga\u00e7\u00f5es Fotogr\u00e1ficas do Grupo Lafa<br \/>\nVisita\u00e7\u00e3o: de 18 de agosto a 25 de setembro de 2025 (segunda a sexta, das 9h \u00e0s 17h)<br \/>\nVisita guiada com a presen\u00e7a dos artistas: 18 de agosto, \u00e0s 18h<br \/>\nLocal: Galeria D\u00e9cimo \u2013 10\u00ba andar do Anexo IV da C\u00e2mara dos Deputados \u2013 Bras\u00edlia\/DF<br \/>\nEntrada franca<\/p>\n","protected":false},"excerpt":{"rendered":"<p>Ser\u00e1 inaugurada nesta segunda (18), \u00e0s 18h, na Galeria D\u00e9cimo da C\u00e2mara dos Deputados, a mostra Apari\u00e7\u00f5es Fotoqu\u00edmicas, com 29 obras produzidas por 18 artistas do Laborat\u00f3rio de Fotografia Alternativa (Lafa). O grupo de pesquisa \u00e9 vinculado \u00e0 Universidade de Bras\u00edlia (UnB) e coordenado pela artista e professora Ruth Sousa. Os integrantes do coletivo se [&hellip;]<\/p>\n","protected":false},"author":2,"featured_media":30332,"comment_status":"open","ping_status":"open","sticky":false,"template":"","format":"standard","meta":{"footnotes":""},"categories":[1],"tags":[],"_links":{"self":[{"href":"https:\/\/sabuguinho.com.br\/site\/wp-json\/wp\/v2\/posts\/30329"}],"collection":[{"href":"https:\/\/sabuguinho.com.br\/site\/wp-json\/wp\/v2\/posts"}],"about":[{"href":"https:\/\/sabuguinho.com.br\/site\/wp-json\/wp\/v2\/types\/post"}],"author":[{"embeddable":true,"href":"https:\/\/sabuguinho.com.br\/site\/wp-json\/wp\/v2\/users\/2"}],"replies":[{"embeddable":true,"href":"https:\/\/sabuguinho.com.br\/site\/wp-json\/wp\/v2\/comments?post=30329"}],"version-history":[{"count":1,"href":"https:\/\/sabuguinho.com.br\/site\/wp-json\/wp\/v2\/posts\/30329\/revisions"}],"predecessor-version":[{"id":30333,"href":"https:\/\/sabuguinho.com.br\/site\/wp-json\/wp\/v2\/posts\/30329\/revisions\/30333"}],"wp:featuredmedia":[{"embeddable":true,"href":"https:\/\/sabuguinho.com.br\/site\/wp-json\/wp\/v2\/media\/30332"}],"wp:attachment":[{"href":"https:\/\/sabuguinho.com.br\/site\/wp-json\/wp\/v2\/media?parent=30329"}],"wp:term":[{"taxonomy":"category","embeddable":true,"href":"https:\/\/sabuguinho.com.br\/site\/wp-json\/wp\/v2\/categories?post=30329"},{"taxonomy":"post_tag","embeddable":true,"href":"https:\/\/sabuguinho.com.br\/site\/wp-json\/wp\/v2\/tags?post=30329"}],"curies":[{"name":"wp","href":"https:\/\/api.w.org\/{rel}","templated":true}]}}