{"id":30297,"date":"2025-08-15T16:03:27","date_gmt":"2025-08-15T19:03:27","guid":{"rendered":"https:\/\/sabuguinho.com.br\/site\/?p=30297"},"modified":"2025-08-15T16:03:27","modified_gmt":"2025-08-15T19:03:27","slug":"gado-furtado-e-implemento-agricola-sao-recuperados-em-continuidade-de-operacao-policial-em-paranapanema","status":"publish","type":"post","link":"https:\/\/sabuguinho.com.br\/site\/gado-furtado-e-implemento-agricola-sao-recuperados-em-continuidade-de-operacao-policial-em-paranapanema\/","title":{"rendered":"Gado furtado e implemento agr\u00edcola s\u00e3o recuperados em continuidade de opera\u00e7\u00e3o policial em Paranapanema"},"content":{"rendered":"<p>A\u00e7\u00e3o do GIAR e DIG de Avar\u00e9, com apoio da Delegacia de Paranapanema, ocorreu nos dias 13 e 14 de agosto<\/p>\n<p>A Pol\u00edcia Civil recuperou 22 cabe\u00e7as de gado, apreendeu um implemento agr\u00edcola furtado, uma caminhonete e uma motocicleta com sinais de adultera\u00e7\u00e3o durante opera\u00e7\u00e3o realizada no dia 14 de agosto em propriedades rurais de Paranapanema.<br \/>\nA a\u00e7\u00e3o foi conduzida pelo Grupo de Investiga\u00e7\u00e3o em \u00c1rea Rural (GIAR) e pela Delegacia de Investiga\u00e7\u00f5es Gerais (DIG) de Avar\u00e9, com apoio da Delegacia de Pol\u00edcia de Paranapanema, e foi a continuidade de dilig\u00eancias iniciadas no dia anterior.<br \/>\nAs investiga\u00e7\u00f5es come\u00e7aram em maio deste ano, quando criminosos invadiram uma fazenda de grande porte na zona rural de Paranapanema durante a madrugada e subtra\u00edram dezenas de cabe\u00e7as de gado. Os animais foram levados utilizando caminh\u00f5es boiadeiros, em uma a\u00e7\u00e3o r\u00e1pida e coordenada, sem deixar rastros imediatos.<br \/>\nO crime causou grande preju\u00edzo financeiro ao propriet\u00e1rio e gerou preocupa\u00e7\u00e3o entre produtores rurais da regi\u00e3o, que passaram a refor\u00e7ar a seguran\u00e7a das propriedades. Desde ent\u00e3o, a Pol\u00edcia Civil intensificou a\u00e7\u00f5es de intelig\u00eancia e monitoramento para identificar os envolvidos.<br \/>\nNo dia 13 de agosto, durante a primeira etapa da opera\u00e7\u00e3o, a Pol\u00edcia Civil prendeu em flagrante um homem de 45 anos, investigado por recepta\u00e7\u00e3o e adultera\u00e7\u00e3o de sinais identificadores de ve\u00edculos. Na ocasi\u00e3o, foram localizados um trator Massey Ferguson 265 com plaquetas de identifica\u00e7\u00e3o removidas, uma retroescavadeira New Holland B95B furtada em novembro de 2024, em Vera Cruz\/SP, e um caminh\u00e3o boiadeiro Mercedes Benz L1418 com ind\u00edcios de adultera\u00e7\u00e3o.<br \/>\nAp\u00f3s o flagrante, as equipes prosseguiram com as investiga\u00e7\u00f5es e, no dia 14 de agosto, retornaram \u00e0s propriedades ligadas ao investigado. Nessa segunda fase, localizaram 22 cabe\u00e7as de gado furtadas, pertencentes a um fazendeiro de 45 anos, v\u00edtima do crime registrado em maio. Os animais estavam com marca\u00e7\u00f5es sobrepostas \u00e0 leg\u00edtima inscri\u00e7\u00e3o \u201cMC\u201d e foram entregues ao propriet\u00e1rio.<br \/>\nAinda no dia 14, foram apreendidos uma caminhonete Fiat Strada Volcano e uma motocicleta Honda CG 125 Fan, ambos com sinais de adultera\u00e7\u00e3o, al\u00e9m de um implemento agr\u00edcola furtado e documentos veiculares irregulares.<br \/>\nSegundo a Pol\u00edcia Civil, h\u00e1 ind\u00edcios de que o suspeito preso no dia 13 mantenha liga\u00e7\u00e3o com um homem de 44 anos, j\u00e1 detido preventivamente, acusado de integrar uma organiza\u00e7\u00e3o criminosa especializada em furtos e recepta\u00e7\u00e3o de gado e maquin\u00e1rio agr\u00edcola. As apura\u00e7\u00f5es indicam que parte dos bens encontrados teria sido fornecida por esse integrante.<br \/>\nO Delegado de Pol\u00edcia de Paranapanema, S\u00e9rgio Salvador de Andrade, solicitou \u00e0 Justi\u00e7a a convers\u00e3o da pris\u00e3o em flagrante para preventiva, al\u00e9m da quebra de sigilo telef\u00f4nico e telem\u00e1tico dos aparelhos apreendidos, para identificar outros envolvidos no esquema criminoso.<br \/>\nTodos os ve\u00edculos, maquin\u00e1rios e documentos passar\u00e3o por per\u00edcia t\u00e9cnica e continuar\u00e3o apreendidos at\u00e9 o desfecho da investiga\u00e7\u00e3o. O investigado segue preso e \u00e0 disposi\u00e7\u00e3o da Justi\u00e7a.<br \/>\nA Pol\u00edcia Civil destacou que a opera\u00e7\u00e3o refor\u00e7a a import\u00e2ncia da integra\u00e7\u00e3o entre o GIAR, a DIG de Avar\u00e9 e a Delegacia de Paranapanema, garantindo resposta r\u00e1pida \u00e0s ocorr\u00eancias e contribuindo para a redu\u00e7\u00e3o de crimes patrimoniais no meio rural.<\/p>\n<p><img loading=\"lazy\" decoding=\"async\" src=\"https:\/\/sabuguinho.com.br\/site\/wp-content\/uploads\/2025\/08\/IMG-20250815-WA0056-84x150.jpg\" alt=\"\" width=\"84\" height=\"150\" class=\"alignnone size-medium wp-image-30292\" srcset=\"https:\/\/sabuguinho.com.br\/site\/wp-content\/uploads\/2025\/08\/IMG-20250815-WA0056-84x150.jpg 84w, https:\/\/sabuguinho.com.br\/site\/wp-content\/uploads\/2025\/08\/IMG-20250815-WA0056-288x512.jpg 288w, https:\/\/sabuguinho.com.br\/site\/wp-content\/uploads\/2025\/08\/IMG-20250815-WA0056-768x1365.jpg 768w, https:\/\/sabuguinho.com.br\/site\/wp-content\/uploads\/2025\/08\/IMG-20250815-WA0056-864x1536.jpg 864w, https:\/\/sabuguinho.com.br\/site\/wp-content\/uploads\/2025\/08\/IMG-20250815-WA0056-750x1333.jpg 750w, https:\/\/sabuguinho.com.br\/site\/wp-content\/uploads\/2025\/08\/IMG-20250815-WA0056.jpg 900w\" sizes=\"(max-width: 84px) 100vw, 84px\" \/><\/p>\n","protected":false},"excerpt":{"rendered":"<p>A\u00e7\u00e3o do GIAR e DIG de Avar\u00e9, com apoio da Delegacia de Paranapanema, ocorreu nos dias 13 e 14 de agosto A Pol\u00edcia Civil recuperou 22 cabe\u00e7as de gado, apreendeu um implemento agr\u00edcola furtado, uma caminhonete e uma motocicleta com sinais de adultera\u00e7\u00e3o durante opera\u00e7\u00e3o realizada no dia 14 de agosto em propriedades rurais de [&hellip;]<\/p>\n","protected":false},"author":2,"featured_media":30295,"comment_status":"open","ping_status":"open","sticky":false,"template":"","format":"standard","meta":{"footnotes":""},"categories":[52],"tags":[],"_links":{"self":[{"href":"https:\/\/sabuguinho.com.br\/site\/wp-json\/wp\/v2\/posts\/30297"}],"collection":[{"href":"https:\/\/sabuguinho.com.br\/site\/wp-json\/wp\/v2\/posts"}],"about":[{"href":"https:\/\/sabuguinho.com.br\/site\/wp-json\/wp\/v2\/types\/post"}],"author":[{"embeddable":true,"href":"https:\/\/sabuguinho.com.br\/site\/wp-json\/wp\/v2\/users\/2"}],"replies":[{"embeddable":true,"href":"https:\/\/sabuguinho.com.br\/site\/wp-json\/wp\/v2\/comments?post=30297"}],"version-history":[{"count":1,"href":"https:\/\/sabuguinho.com.br\/site\/wp-json\/wp\/v2\/posts\/30297\/revisions"}],"predecessor-version":[{"id":30298,"href":"https:\/\/sabuguinho.com.br\/site\/wp-json\/wp\/v2\/posts\/30297\/revisions\/30298"}],"wp:featuredmedia":[{"embeddable":true,"href":"https:\/\/sabuguinho.com.br\/site\/wp-json\/wp\/v2\/media\/30295"}],"wp:attachment":[{"href":"https:\/\/sabuguinho.com.br\/site\/wp-json\/wp\/v2\/media?parent=30297"}],"wp:term":[{"taxonomy":"category","embeddable":true,"href":"https:\/\/sabuguinho.com.br\/site\/wp-json\/wp\/v2\/categories?post=30297"},{"taxonomy":"post_tag","embeddable":true,"href":"https:\/\/sabuguinho.com.br\/site\/wp-json\/wp\/v2\/tags?post=30297"}],"curies":[{"name":"wp","href":"https:\/\/api.w.org\/{rel}","templated":true}]}}