{"id":30278,"date":"2025-08-15T13:56:28","date_gmt":"2025-08-15T16:56:28","guid":{"rendered":"https:\/\/sabuguinho.com.br\/site\/?p=30278"},"modified":"2025-08-15T13:56:28","modified_gmt":"2025-08-15T16:56:28","slug":"transicao-na-presidencia-da-famesp-destaca-dialogo-continuidade-e-fortalecimento-da-atuacao","status":"publish","type":"post","link":"https:\/\/sabuguinho.com.br\/site\/transicao-na-presidencia-da-famesp-destaca-dialogo-continuidade-e-fortalecimento-da-atuacao\/","title":{"rendered":"Transi\u00e7\u00e3o na presid\u00eancia da Famesp destaca di\u00e1logo, continuidade e fortalecimento da atua\u00e7\u00e3o"},"content":{"rendered":"<p>Ap\u00f3s uma d\u00e9cada de gest\u00e3o de Antonio Rugolo Junior, professor Pasqual Barretti reassume o comando da Funda\u00e7\u00e3o, com metas de ampliar a presen\u00e7a em Botucatu e buscar novas parcerias com responsabilidade. Entrevista completa est\u00e1 no blog da Famesp.<\/p>\n<p>A presid\u00eancia da Funda\u00e7\u00e3o para o Desenvolvimento M\u00e9dico e Hospitalar (Famesp) passou a ser exercida pelo professor Pasqual Barretti, que retorna ao cargo ap\u00f3s comandar a institui\u00e7\u00e3o entre 2005 e 2015 e atuar como reitor da Universidade Estadual Paulista (Unesp) de 2021 a 2024. Ele sucede o professor Antonio Rugolo Junior, que esteve \u00e0 frente da Funda\u00e7\u00e3o por dez anos.<br \/>\nO per\u00edodo mais recente de gest\u00e3o de Rugolo foi marcado por avan\u00e7os estruturais, seis certifica\u00e7\u00f5es de qualidade \u2014 incluindo uma internacional \u2014, fortalecimento da governan\u00e7a, amplia\u00e7\u00e3o e qualifica\u00e7\u00e3o de servi\u00e7os hospitalares e investimentos nas \u00e1reas de ensino, pesquisa e humaniza\u00e7\u00e3o. Reconhecido pela lideran\u00e7a \u00e9tica e t\u00e9cnica, ele consolidou pol\u00edticas institucionais de seguran\u00e7a do paciente, programas de integridade e definiu miss\u00e3o, vis\u00e3o e valores que norteiam a atua\u00e7\u00e3o da Famesp.<br \/>\n\u201cO professor Rugolo fez uma excelente gest\u00e3o, qualificando a estrutura administrativa e os processos internos. Nosso objetivo \u00e9 preservar esse legado e buscar novas oportunidades de atua\u00e7\u00e3o, sempre com responsabilidade e equil\u00edbrio\u201d, afirma Barretti.<br \/>\nEntre as prioridades da nova presid\u00eancia est\u00e3o o fortalecimento da atua\u00e7\u00e3o da Famesp em Botucatu, especialmente em equipamentos estrat\u00e9gicos como o Hospital do Bairro e o AME, e a avalia\u00e7\u00e3o de novas parcerias em outras cidades paulistas. Segundo Barretti, j\u00e1 houve procura de institui\u00e7\u00f5es como a Santa Casa de S\u00e3o Manuel e a Unicamp para conhecer o modelo de gest\u00e3o da Famesp. Qualquer expans\u00e3o, no entanto, ser\u00e1 pautada pela viabilidade t\u00e9cnica e pelo interesse p\u00fablico.<br \/>\nAo encerrar sua gest\u00e3o, Rugolo ressaltou que os resultados alcan\u00e7ados foram fruto do trabalho coletivo:<br \/>\n\u201cQualidade n\u00e3o \u00e9 um trof\u00e9u, \u00e9 uma forma de trabalhar todos os dias com seriedade e humildade. Nada disso se faz sozinho \u2014 \u00e9 resultado de uma equipe comprometida e alinhada a um prop\u00f3sito\u201d, destacou.<br \/>\nCom 44 anos de hist\u00f3ria, a Famesp \u00e9 refer\u00eancia como organiza\u00e7\u00e3o social de sa\u00fade no estado de S\u00e3o Paulo, gerenciando servi\u00e7os de m\u00e9dia e alta complexidade em parceria com o Sistema \u00danico de Sa\u00fade (SUS). Sua trajet\u00f3ria combina gest\u00e3o eficiente, atendimento humanizado e compromisso com a responsabilidade social.<br \/>\nA entrevista completa com os professores Pasqual Barretti e Antonio Rugolo Junior est\u00e1 dispon\u00edvel no blog da Famesp: www.blog.famesp.org.br.<\/p>\n","protected":false},"excerpt":{"rendered":"<p>Ap\u00f3s uma d\u00e9cada de gest\u00e3o de Antonio Rugolo Junior, professor Pasqual Barretti reassume o comando da Funda\u00e7\u00e3o, com metas de ampliar a presen\u00e7a em Botucatu e buscar novas parcerias com responsabilidade. Entrevista completa est\u00e1 no blog da Famesp. A presid\u00eancia da Funda\u00e7\u00e3o para o Desenvolvimento M\u00e9dico e Hospitalar (Famesp) passou a ser exercida pelo professor [&hellip;]<\/p>\n","protected":false},"author":2,"featured_media":30282,"comment_status":"open","ping_status":"open","sticky":false,"template":"","format":"standard","meta":{"footnotes":""},"categories":[1],"tags":[],"_links":{"self":[{"href":"https:\/\/sabuguinho.com.br\/site\/wp-json\/wp\/v2\/posts\/30278"}],"collection":[{"href":"https:\/\/sabuguinho.com.br\/site\/wp-json\/wp\/v2\/posts"}],"about":[{"href":"https:\/\/sabuguinho.com.br\/site\/wp-json\/wp\/v2\/types\/post"}],"author":[{"embeddable":true,"href":"https:\/\/sabuguinho.com.br\/site\/wp-json\/wp\/v2\/users\/2"}],"replies":[{"embeddable":true,"href":"https:\/\/sabuguinho.com.br\/site\/wp-json\/wp\/v2\/comments?post=30278"}],"version-history":[{"count":1,"href":"https:\/\/sabuguinho.com.br\/site\/wp-json\/wp\/v2\/posts\/30278\/revisions"}],"predecessor-version":[{"id":30283,"href":"https:\/\/sabuguinho.com.br\/site\/wp-json\/wp\/v2\/posts\/30278\/revisions\/30283"}],"wp:featuredmedia":[{"embeddable":true,"href":"https:\/\/sabuguinho.com.br\/site\/wp-json\/wp\/v2\/media\/30282"}],"wp:attachment":[{"href":"https:\/\/sabuguinho.com.br\/site\/wp-json\/wp\/v2\/media?parent=30278"}],"wp:term":[{"taxonomy":"category","embeddable":true,"href":"https:\/\/sabuguinho.com.br\/site\/wp-json\/wp\/v2\/categories?post=30278"},{"taxonomy":"post_tag","embeddable":true,"href":"https:\/\/sabuguinho.com.br\/site\/wp-json\/wp\/v2\/tags?post=30278"}],"curies":[{"name":"wp","href":"https:\/\/api.w.org\/{rel}","templated":true}]}}