{"id":30265,"date":"2025-08-15T12:29:20","date_gmt":"2025-08-15T15:29:20","guid":{"rendered":"https:\/\/sabuguinho.com.br\/site\/?p=30265"},"modified":"2025-08-15T12:29:20","modified_gmt":"2025-08-15T15:29:20","slug":"industria-e-comercio-curso-sobre-instalacao-de-revestimentos-esta-com-inscricoes-abertas","status":"publish","type":"post","link":"https:\/\/sabuguinho.com.br\/site\/industria-e-comercio-curso-sobre-instalacao-de-revestimentos-esta-com-inscricoes-abertas\/","title":{"rendered":"IND\u00daSTRIA E COM\u00c9RCIO  Curso sobre instala\u00e7\u00e3o de revestimentos est\u00e1 com inscri\u00e7\u00f5es abertas"},"content":{"rendered":"<p>Vagas s\u00e3o limitadas; interessados na capacita\u00e7\u00e3o gratuita devem se dirigir ao SEBRAE<\/p>\n<p>Est\u00e3o abertas as inscri\u00e7\u00f5es para o curso de Assentador de Revestimentos Cer\u00e2micos.<br \/>\nA capacita\u00e7\u00e3o gratuita \u00e9 uma parceria entre o SENAI e a Prefeitura da Est\u00e2ncia Tur\u00edstica de Avar\u00e9, por meio da Secretaria Municipal da Ind\u00fastria e Com\u00e9rcio.<br \/>\nA proposta do Governo Roberto Araujo \u00e9 ampliar a qualifica\u00e7\u00e3o dos trabalhadores avareenses, gerando riqueza e renda.<br \/>\nO curso prepara o aluno para assentar revestimentos cer\u00e2micos em edifica\u00e7\u00f5es, seguindo projetos e atendendo \u00e0s normas e procedimentos t\u00e9cnicos, com foco na qualidade, sa\u00fade, seguran\u00e7a, pr\u00e1ticas sustent\u00e1veis e inova\u00e7\u00f5es tecnol\u00f3gicas.<\/p>\n<p>Inscri\u00e7\u00f5es presenciais<\/p>\n<p>As vagas s\u00e3o limitadas e as inscri\u00e7\u00f5es devem ser feitas presencialmente at\u00e9 21 de agosto no SEBRAE, localizado na Casa do Cidad\u00e3o (Rua Bahia, n\u00ba 1580).<br \/>\nAl\u00e9m de documentos e informa\u00e7\u00f5es sobre contato, \u00e9 necess\u00e1rio apresentar comprovante de resid\u00eancia.<\/p>\n<p>Aulas<\/p>\n<p>As aulas t\u00eam in\u00edcio no dia 25 e ser\u00e3o ministradas de segunda a sexta-feira, das 13 horas \u00e0s 16 horas, no Centro de Refer\u00eancia de Assist\u00eancia Social (CRAS) Vera Cruz, que fica na Rua Manoel dos Santos Calado, n\u00ba 300.<\/p>\n","protected":false},"excerpt":{"rendered":"<p>Vagas s\u00e3o limitadas; interessados na capacita\u00e7\u00e3o gratuita devem se dirigir ao SEBRAE Est\u00e3o abertas as inscri\u00e7\u00f5es para o curso de Assentador de Revestimentos Cer\u00e2micos. A capacita\u00e7\u00e3o gratuita \u00e9 uma parceria entre o SENAI e a Prefeitura da Est\u00e2ncia Tur\u00edstica de Avar\u00e9, por meio da Secretaria Municipal da Ind\u00fastria e Com\u00e9rcio. A proposta do Governo Roberto [&hellip;]<\/p>\n","protected":false},"author":2,"featured_media":24677,"comment_status":"open","ping_status":"open","sticky":false,"template":"","format":"standard","meta":{"footnotes":""},"categories":[1],"tags":[],"_links":{"self":[{"href":"https:\/\/sabuguinho.com.br\/site\/wp-json\/wp\/v2\/posts\/30265"}],"collection":[{"href":"https:\/\/sabuguinho.com.br\/site\/wp-json\/wp\/v2\/posts"}],"about":[{"href":"https:\/\/sabuguinho.com.br\/site\/wp-json\/wp\/v2\/types\/post"}],"author":[{"embeddable":true,"href":"https:\/\/sabuguinho.com.br\/site\/wp-json\/wp\/v2\/users\/2"}],"replies":[{"embeddable":true,"href":"https:\/\/sabuguinho.com.br\/site\/wp-json\/wp\/v2\/comments?post=30265"}],"version-history":[{"count":1,"href":"https:\/\/sabuguinho.com.br\/site\/wp-json\/wp\/v2\/posts\/30265\/revisions"}],"predecessor-version":[{"id":30266,"href":"https:\/\/sabuguinho.com.br\/site\/wp-json\/wp\/v2\/posts\/30265\/revisions\/30266"}],"wp:featuredmedia":[{"embeddable":true,"href":"https:\/\/sabuguinho.com.br\/site\/wp-json\/wp\/v2\/media\/24677"}],"wp:attachment":[{"href":"https:\/\/sabuguinho.com.br\/site\/wp-json\/wp\/v2\/media?parent=30265"}],"wp:term":[{"taxonomy":"category","embeddable":true,"href":"https:\/\/sabuguinho.com.br\/site\/wp-json\/wp\/v2\/categories?post=30265"},{"taxonomy":"post_tag","embeddable":true,"href":"https:\/\/sabuguinho.com.br\/site\/wp-json\/wp\/v2\/tags?post=30265"}],"curies":[{"name":"wp","href":"https:\/\/api.w.org\/{rel}","templated":true}]}}