{"id":30225,"date":"2025-08-14T21:06:05","date_gmt":"2025-08-15T00:06:05","guid":{"rendered":"https:\/\/sabuguinho.com.br\/site\/?p=30225"},"modified":"2025-08-14T21:06:05","modified_gmt":"2025-08-15T00:06:05","slug":"boituva-programa-rodeio-desfile-e-show-com-maiara-e-maraisa-para-aniversario-de-88-anos","status":"publish","type":"post","link":"https:\/\/sabuguinho.com.br\/site\/boituva-programa-rodeio-desfile-e-show-com-maiara-e-maraisa-para-aniversario-de-88-anos\/","title":{"rendered":"Boituva programa rodeio, desfile e show com Maiara e Maraisa para anivers\u00e1rio de 88 anos"},"content":{"rendered":"<p>Programa\u00e7\u00e3o do anivers\u00e1rio foi confirmada nesta ter\u00e7a-feira (12) pela Prefeitura, e come\u00e7a com culto no dia 29 de agosto. Shows gratuitos do Rodeio Boituvana integram o calend\u00e1rio oficial de festejos.<\/p>\n<p>Por g1 Itapetininga e regi\u00e3o<\/p>\n<p>A programa\u00e7\u00e3o dos festejos de anivers\u00e1rio de Boituva, no interior de SP, foi confirmada nesta ter\u00e7a-feira (12) pela prefeitura. O ponto alto ser\u00e1 o show da dupla sertaneja Maiara e Maraisa, no dia 6 de setembro, no Recinto Boituv\u00e3o.<br \/>\nA apresenta\u00e7\u00e3o encerra o 36\u00ba Festival de Rodeios de Boituva (Rodeio Boituvana), que integra a programa\u00e7\u00e3o oficial dos 88 anos do munic\u00edpio.<br \/>\nNo dia 4, a dupla Thiago Carvalho e Leonardo se apresenta no recinto. No dia 5, \u00e9 a vez da dupla Israel e Rodolffo. Os shows come\u00e7am sempre \u00e0s 23h e t\u00eam entrada gratuita.<br \/>\nA 36\u00aa edi\u00e7\u00e3o do rodeio \u00e9 etapa da Liga Nacional. Segundo a prefeitura, o campe\u00e3o garante vaga no Rodeio de Barretos de 2026.<br \/>\nA programa\u00e7\u00e3o do anivers\u00e1rio come\u00e7a no dia 27 deste m\u00eas, com sess\u00e3o solene na C\u00e2mara dos Vereadores, \u00e0s 19h.<\/p>\n<p>Confira os eventos:<br \/>\nDia 29<\/p>\n<p>19h &#8211; Culto, no Centro Municipal de Eventos Francisco Gianotti;<\/p>\n<p>Dia 4<\/p>\n<p>23h &#8211; Show com Thiago Carvalho e Leonardo, no Recinto Boituv\u00e3o;<\/p>\n<p>Dia 5<\/p>\n<p>23h &#8211; Show com Israel e Rodolffo, no Recinto Boituv\u00e3o;<\/p>\n<p>Dia 6<\/p>\n<p>9h &#8211; Desfile c\u00edvico, na Rua Coronel Eug\u00eanio Motta;<\/p>\n<p>23h &#8211; Show com Maiara e Maraisa, no Recinto Boituv\u00e3o;<\/p>\n<p>Dia 7<\/p>\n<p>9h30 &#8211; Missa de a\u00e7\u00e3o de gra\u00e7as, na Par\u00f3quia S\u00e3o Francisco;<\/p>\n<p>12h &#8211; Desfile de cavaleiros, na Rua Coronel Eug\u00eanio Motta;<\/p>\n<p>19h &#8211; Missa de a\u00e7\u00e3o de gra\u00e7as, na Par\u00f3quia S\u00e3o Roque.<\/p>\n<p>Legenda<br \/>\nMaiara e Maraisa se apresentam no show de encerramento do Rodeio Boituvana, em 6 de setembro, que celebra os 88 anos de Boituva (SP) \u2014 Foto: Divulga\u00e7\u00e3o<\/p>\n","protected":false},"excerpt":{"rendered":"<p>Programa\u00e7\u00e3o do anivers\u00e1rio foi confirmada nesta ter\u00e7a-feira (12) pela Prefeitura, e come\u00e7a com culto no dia 29 de agosto. Shows gratuitos do Rodeio Boituvana integram o calend\u00e1rio oficial de festejos. Por g1 Itapetininga e regi\u00e3o A programa\u00e7\u00e3o dos festejos de anivers\u00e1rio de Boituva, no interior de SP, foi confirmada nesta ter\u00e7a-feira (12) pela prefeitura. O [&hellip;]<\/p>\n","protected":false},"author":2,"featured_media":30228,"comment_status":"open","ping_status":"open","sticky":false,"template":"","format":"standard","meta":{"footnotes":""},"categories":[1],"tags":[],"class_list":["post-30225","post","type-post","status-publish","format-standard","has-post-thumbnail","hentry","category-politicas-em-geral"],"_links":{"self":[{"href":"https:\/\/sabuguinho.com.br\/site\/wp-json\/wp\/v2\/posts\/30225","targetHints":{"allow":["GET"]}}],"collection":[{"href":"https:\/\/sabuguinho.com.br\/site\/wp-json\/wp\/v2\/posts"}],"about":[{"href":"https:\/\/sabuguinho.com.br\/site\/wp-json\/wp\/v2\/types\/post"}],"author":[{"embeddable":true,"href":"https:\/\/sabuguinho.com.br\/site\/wp-json\/wp\/v2\/users\/2"}],"replies":[{"embeddable":true,"href":"https:\/\/sabuguinho.com.br\/site\/wp-json\/wp\/v2\/comments?post=30225"}],"version-history":[{"count":1,"href":"https:\/\/sabuguinho.com.br\/site\/wp-json\/wp\/v2\/posts\/30225\/revisions"}],"predecessor-version":[{"id":30229,"href":"https:\/\/sabuguinho.com.br\/site\/wp-json\/wp\/v2\/posts\/30225\/revisions\/30229"}],"wp:featuredmedia":[{"embeddable":true,"href":"https:\/\/sabuguinho.com.br\/site\/wp-json\/wp\/v2\/media\/30228"}],"wp:attachment":[{"href":"https:\/\/sabuguinho.com.br\/site\/wp-json\/wp\/v2\/media?parent=30225"}],"wp:term":[{"taxonomy":"category","embeddable":true,"href":"https:\/\/sabuguinho.com.br\/site\/wp-json\/wp\/v2\/categories?post=30225"},{"taxonomy":"post_tag","embeddable":true,"href":"https:\/\/sabuguinho.com.br\/site\/wp-json\/wp\/v2\/tags?post=30225"}],"curies":[{"name":"wp","href":"https:\/\/api.w.org\/{rel}","templated":true}]}}