{"id":30203,"date":"2025-08-14T16:23:41","date_gmt":"2025-08-14T19:23:41","guid":{"rendered":"https:\/\/sabuguinho.com.br\/site\/?p=30203"},"modified":"2025-08-14T16:23:41","modified_gmt":"2025-08-14T19:23:41","slug":"direitos-do-pessoa-com-deficiencia-evento-que-une-sociedade-em-prol-da-inclusao-acontece-no-sabado-23","status":"publish","type":"post","link":"https:\/\/sabuguinho.com.br\/site\/direitos-do-pessoa-com-deficiencia-evento-que-une-sociedade-em-prol-da-inclusao-acontece-no-sabado-23\/","title":{"rendered":"DIREITOS DO PESSOA COM DEFICI\u00caNCIA  Evento que une sociedade em prol da inclus\u00e3o acontece no s\u00e1bado, 23"},"content":{"rendered":"<p>Aberto ao p\u00fablico e com ampla programa\u00e7\u00e3o, \u201cA Comunidade e a Pessoa com Defici\u00eancia\u201d tem in\u00edcio \u00e0s 10h no Largo S\u00e3o Jo\u00e3o<\/p>\n<p>A Secretaria Especial dos Direitos da Pessoa com Defici\u00eancia (SEDPD) convida a popula\u00e7\u00e3o para o evento \u201cA Comunidade e a Pessoa com Defici\u00eancia\u201d que acontece no s\u00e1bado, 23, das 10h \u00e0s 16h, no Largo S\u00e3o Jo\u00e3o.<br \/>\nA proposta \u00e9 conscientizar a comunidade em prol da inclus\u00e3o da pessoa com defici\u00eancia por meio da integra\u00e7\u00e3o entre poder p\u00fablico, sociedade civil, institui\u00e7\u00f5es de ensino superior, escolas e iniciativa privada.<br \/>\nO evento tem apoio do prefeito Roberto Araujo.<br \/>\n\u00c9 a soma de esfor\u00e7os para construir uma sociedade mais inclusiva. \u201cA uni\u00e3o para despertar um olhar humanizado, rompendo barreiras do preconceito e possibilitando maior visibilidade \u00e0 causa\u201d, destaca a secret\u00e1ria Marli da Costa Silva.<\/p>\n<p>Programa\u00e7\u00e3o<\/p>\n<p>A programa\u00e7\u00e3o gratuita inclui atividades sensoriais, exposi\u00e7\u00e3o de projetos, corte de cabelo, apresenta\u00e7\u00f5es musicais e de dan\u00e7a, capoeira, jud\u00f4, jiu-jitsu, muay thai e coral de Libras.<br \/>\nJ\u00e1 os estandes de entidades parceiras v\u00e3o fornecer informa\u00e7\u00f5es e servi\u00e7os ao p\u00fablico.<br \/>\nTamb\u00e9m est\u00e1 prevista a vacina\u00e7\u00e3o antirr\u00e1bica de pets das 12h \u00e0s 14 horas, em parceria com a Secretaria Municipal de Agricultura e Abastecimento e apoio da Vigil\u00e2ncia Sanit\u00e1ria.<br \/>\nA 11\u00aa edi\u00e7\u00e3o de \u201cA Comunidade e a Pessoa com Defici\u00eancia\u201d \u00e9 uma realiza\u00e7\u00e3o da SEDPD em parceria com secretarias municipais, entidades e iniciativa privada. Confira abaixo a programa\u00e7\u00e3o completa.<\/p>\n<p>Manh\u00e3<br \/>\n10h00: Abertura e convoca\u00e7\u00e3o das autoridades<br \/>\n10h20: Tiro de Guerra<br \/>\n10h40: Depoimento: Aline Benevides<br \/>\n11h00: Apresenta\u00e7\u00e3o de Dan\u00e7a \u2013 APAE de Cerqueira C\u00e9sar<br \/>\n11h20: Banda Marcial de Avar\u00e9<br \/>\n11h40: Instituto Federal de Avar\u00e9<br \/>\n12h00: Instituto Federal de Avar\u00e9<br \/>\n12h20: Apresenta\u00e7\u00e3o de Jud\u00f4 \u2013 Associa\u00e7\u00e3o Arco \u00cdris<br \/>\n12h40: Apresenta\u00e7\u00e3o Musical \u2013 Coral \u201cMelhor Idade\u201d<\/p>\n<p>Tarde<br \/>\n13h40: Apresenta\u00e7\u00e3o Musical \u2013 Coral de Libras \u201cM\u00e3os que Cantam\u201d<br \/>\n14h00: Apresenta\u00e7\u00e3o Musical \u2013 Guilherme de Itapeva\/SP<br \/>\n14h20: Apresenta\u00e7\u00e3o de Capoeira \u2013 Mestre Tom<br \/>\n14h40: Apresenta\u00e7\u00e3o de Jud\u00f4 e Jiu-Jitsu \u2013 Eraldo e Lara<br \/>\n15h00: Apresenta\u00e7\u00e3o Musical \u2013 Funda\u00e7\u00e3o Padre Em\u00edlio Immoos<br \/>\n15h20: Apresenta\u00e7\u00e3o de Muay Thai \u2013 GAADC<br \/>\n15h40: Apresenta\u00e7\u00e3o de Dan\u00e7a \u2013 SMDPD de Cerqueira C\u00e9sar<br \/>\n16h00: Fanfarra APAE de Avar\u00e9<\/p>\n<p><img loading=\"lazy\" decoding=\"async\" src=\"https:\/\/sabuguinho.com.br\/site\/wp-content\/uploads\/2025\/08\/A-Comunidade-e-a-Pessoa-com-Deficiencia-divulgacao-120x150.jpeg\" alt=\"\" width=\"120\" height=\"150\" class=\"alignnone size-medium wp-image-30204\" srcset=\"https:\/\/sabuguinho.com.br\/site\/wp-content\/uploads\/2025\/08\/A-Comunidade-e-a-Pessoa-com-Deficiencia-divulgacao-120x150.jpeg 120w, https:\/\/sabuguinho.com.br\/site\/wp-content\/uploads\/2025\/08\/A-Comunidade-e-a-Pessoa-com-Deficiencia-divulgacao-410x512.jpeg 410w, https:\/\/sabuguinho.com.br\/site\/wp-content\/uploads\/2025\/08\/A-Comunidade-e-a-Pessoa-com-Deficiencia-divulgacao-768x960.jpeg 768w, https:\/\/sabuguinho.com.br\/site\/wp-content\/uploads\/2025\/08\/A-Comunidade-e-a-Pessoa-com-Deficiencia-divulgacao-750x938.jpeg 750w, https:\/\/sabuguinho.com.br\/site\/wp-content\/uploads\/2025\/08\/A-Comunidade-e-a-Pessoa-com-Deficiencia-divulgacao.jpeg 1024w\" sizes=\"(max-width: 120px) 100vw, 120px\" \/><\/p>\n<p><img loading=\"lazy\" decoding=\"async\" src=\"https:\/\/sabuguinho.com.br\/site\/wp-content\/uploads\/2025\/08\/A-Comunidade-e-a-Pessoa-com-Deficiencia-divulgacao-1-120x150.jpeg\" alt=\"\" width=\"120\" height=\"150\" class=\"alignnone size-medium wp-image-30205\" srcset=\"https:\/\/sabuguinho.com.br\/site\/wp-content\/uploads\/2025\/08\/A-Comunidade-e-a-Pessoa-com-Deficiencia-divulgacao-1-120x150.jpeg 120w, https:\/\/sabuguinho.com.br\/site\/wp-content\/uploads\/2025\/08\/A-Comunidade-e-a-Pessoa-com-Deficiencia-divulgacao-1-410x512.jpeg 410w, https:\/\/sabuguinho.com.br\/site\/wp-content\/uploads\/2025\/08\/A-Comunidade-e-a-Pessoa-com-Deficiencia-divulgacao-1-768x960.jpeg 768w, https:\/\/sabuguinho.com.br\/site\/wp-content\/uploads\/2025\/08\/A-Comunidade-e-a-Pessoa-com-Deficiencia-divulgacao-1-750x938.jpeg 750w, https:\/\/sabuguinho.com.br\/site\/wp-content\/uploads\/2025\/08\/A-Comunidade-e-a-Pessoa-com-Deficiencia-divulgacao-1.jpeg 1024w\" sizes=\"(max-width: 120px) 100vw, 120px\" \/><\/p>\n","protected":false},"excerpt":{"rendered":"<p>Aberto ao p\u00fablico e com ampla programa\u00e7\u00e3o, \u201cA Comunidade e a Pessoa com Defici\u00eancia\u201d tem in\u00edcio \u00e0s 10h no Largo S\u00e3o Jo\u00e3o A Secretaria Especial dos Direitos da Pessoa com Defici\u00eancia (SEDPD) convida a popula\u00e7\u00e3o para o evento \u201cA Comunidade e a Pessoa com Defici\u00eancia\u201d que acontece no s\u00e1bado, 23, das 10h \u00e0s 16h, no [&hellip;]<\/p>\n","protected":false},"author":2,"featured_media":30206,"comment_status":"open","ping_status":"open","sticky":false,"template":"","format":"standard","meta":{"footnotes":""},"categories":[58],"tags":[],"_links":{"self":[{"href":"https:\/\/sabuguinho.com.br\/site\/wp-json\/wp\/v2\/posts\/30203"}],"collection":[{"href":"https:\/\/sabuguinho.com.br\/site\/wp-json\/wp\/v2\/posts"}],"about":[{"href":"https:\/\/sabuguinho.com.br\/site\/wp-json\/wp\/v2\/types\/post"}],"author":[{"embeddable":true,"href":"https:\/\/sabuguinho.com.br\/site\/wp-json\/wp\/v2\/users\/2"}],"replies":[{"embeddable":true,"href":"https:\/\/sabuguinho.com.br\/site\/wp-json\/wp\/v2\/comments?post=30203"}],"version-history":[{"count":1,"href":"https:\/\/sabuguinho.com.br\/site\/wp-json\/wp\/v2\/posts\/30203\/revisions"}],"predecessor-version":[{"id":30207,"href":"https:\/\/sabuguinho.com.br\/site\/wp-json\/wp\/v2\/posts\/30203\/revisions\/30207"}],"wp:featuredmedia":[{"embeddable":true,"href":"https:\/\/sabuguinho.com.br\/site\/wp-json\/wp\/v2\/media\/30206"}],"wp:attachment":[{"href":"https:\/\/sabuguinho.com.br\/site\/wp-json\/wp\/v2\/media?parent=30203"}],"wp:term":[{"taxonomy":"category","embeddable":true,"href":"https:\/\/sabuguinho.com.br\/site\/wp-json\/wp\/v2\/categories?post=30203"},{"taxonomy":"post_tag","embeddable":true,"href":"https:\/\/sabuguinho.com.br\/site\/wp-json\/wp\/v2\/tags?post=30203"}],"curies":[{"name":"wp","href":"https:\/\/api.w.org\/{rel}","templated":true}]}}