{"id":30193,"date":"2025-08-14T15:36:15","date_gmt":"2025-08-14T18:36:15","guid":{"rendered":"https:\/\/sabuguinho.com.br\/site\/?p=30193"},"modified":"2025-08-14T15:37:22","modified_gmt":"2025-08-14T18:37:22","slug":"30193-2","status":"publish","type":"post","link":"https:\/\/sabuguinho.com.br\/site\/30193-2\/","title":{"rendered":"NFL anuncia Ana Castela como atra\u00e7\u00e3o do 2\u00ba jogo no Brasil"},"content":{"rendered":"<p>A NFL anunciou nesta manh\u00e3 que a cantora Ana Castela ser\u00e1 a respons\u00e1vel por dar voz ao Hino brasileiro na edi\u00e7\u00e3o deste ano do S\u00e3o Paulo Game, enquanto a colombiana Karol G comandar\u00e1 o show do intervalo.<br \/>\nAna Castela far\u00e1 a performance na cerim\u00f4nia antes do in\u00edcio do segundo jogo no Brasil. No ano passado, a cantora Luisa Sonza foi quem cantou o Hino nacional no evento que marcou a primeira partida da NFL disputada no Hemisf\u00e9rio Sul.<br \/>\nA colombiana Karol G, por sua vez, \u00e9 a grande atra\u00e7\u00e3o do show do intervalo. Vencedora do Grammy, ela sucede Anitta, que em 2024 se apresentou no gramado ap\u00f3s o primeiro tempo assim como ocorre nos EUA durante o Super Bowl ?a final da temporada da liga de futebol americano.<br \/>\nLos Angeles Chargers e Kansas City Chiefs se enfrentam no est\u00e1dio do Corinthians no dia 5 de setembro. A partida come\u00e7a \u00e0s 21h30 (de Bras\u00edlia) e ser\u00e1 transmitida internacionalmente pelo YouTube.<br \/>\n&#8220;Eu nunca imaginei que teria a chance de cantar o Hino em um evento como o NFL S\u00e3o Paulo Game, especialmente no Brasil. \u00c9 uma honra imensa, a emo\u00e7\u00e3o \u00e9 indescrit\u00edvel. Vai ser um momento muito especial, n\u00e3o s\u00f3 para mim, mas para todos que estiverem assistindo. Confesso que estou um pouco nervosa, mal posso esperar para estar l\u00e1&#8221;, disse Ana Castela.<br \/>\n&#8220;\u00c9 realmente uma honra e um momento do qual tenho muito orgulho de participar. J\u00e1 assisti a muitos shows do intervalo da NFL ao longo dos anos, e agora, ter a oportunidade de levar minha m\u00fasica para esse palco global, significa muito para mim. Mal posso esperar para celebrar com todos em S\u00e3o Paulo e com os f\u00e3s ao redor do mundo&#8221;, afirma Karol G.<\/p>\n<p>Legenda<br \/>\nAna Castela ser\u00e1 a respons\u00e1vel por dar voz ao Hino brasileiro na edi\u00e7\u00e3o deste ano do S\u00e3o Paulo Game<\/p>\n","protected":false},"excerpt":{"rendered":"<p>A NFL anunciou nesta manh\u00e3 que a cantora Ana Castela ser\u00e1 a respons\u00e1vel por dar voz ao Hino brasileiro na edi\u00e7\u00e3o deste ano do S\u00e3o Paulo Game, enquanto a colombiana Karol G comandar\u00e1 o show do intervalo. Ana Castela far\u00e1 a performance na cerim\u00f4nia antes do in\u00edcio do segundo jogo no Brasil. No ano passado, [&hellip;]<\/p>\n","protected":false},"author":2,"featured_media":30194,"comment_status":"open","ping_status":"open","sticky":false,"template":"","format":"standard","meta":{"footnotes":""},"categories":[65],"tags":[],"_links":{"self":[{"href":"https:\/\/sabuguinho.com.br\/site\/wp-json\/wp\/v2\/posts\/30193"}],"collection":[{"href":"https:\/\/sabuguinho.com.br\/site\/wp-json\/wp\/v2\/posts"}],"about":[{"href":"https:\/\/sabuguinho.com.br\/site\/wp-json\/wp\/v2\/types\/post"}],"author":[{"embeddable":true,"href":"https:\/\/sabuguinho.com.br\/site\/wp-json\/wp\/v2\/users\/2"}],"replies":[{"embeddable":true,"href":"https:\/\/sabuguinho.com.br\/site\/wp-json\/wp\/v2\/comments?post=30193"}],"version-history":[{"count":2,"href":"https:\/\/sabuguinho.com.br\/site\/wp-json\/wp\/v2\/posts\/30193\/revisions"}],"predecessor-version":[{"id":30196,"href":"https:\/\/sabuguinho.com.br\/site\/wp-json\/wp\/v2\/posts\/30193\/revisions\/30196"}],"wp:featuredmedia":[{"embeddable":true,"href":"https:\/\/sabuguinho.com.br\/site\/wp-json\/wp\/v2\/media\/30194"}],"wp:attachment":[{"href":"https:\/\/sabuguinho.com.br\/site\/wp-json\/wp\/v2\/media?parent=30193"}],"wp:term":[{"taxonomy":"category","embeddable":true,"href":"https:\/\/sabuguinho.com.br\/site\/wp-json\/wp\/v2\/categories?post=30193"},{"taxonomy":"post_tag","embeddable":true,"href":"https:\/\/sabuguinho.com.br\/site\/wp-json\/wp\/v2\/tags?post=30193"}],"curies":[{"name":"wp","href":"https:\/\/api.w.org\/{rel}","templated":true}]}}