{"id":30155,"date":"2025-08-14T13:41:19","date_gmt":"2025-08-14T16:41:19","guid":{"rendered":"https:\/\/sabuguinho.com.br\/site\/?p=30155"},"modified":"2025-08-14T13:41:19","modified_gmt":"2025-08-14T16:41:19","slug":"obras-avenida-copacabana-tem-40-da-duplicacao-concluida","status":"publish","type":"post","link":"https:\/\/sabuguinho.com.br\/site\/obras-avenida-copacabana-tem-40-da-duplicacao-concluida\/","title":{"rendered":"OBRAS  &#8211; Avenida Copacabana tem 40% da duplica\u00e7\u00e3o conclu\u00edda"},"content":{"rendered":"<p><img loading=\"lazy\" decoding=\"async\" src=\"https:\/\/sabuguinho.com.br\/site\/wp-content\/uploads\/2025\/08\/Screenshot_20250814-1330362-150x83.jpg\" alt=\"\" width=\"150\" height=\"83\" class=\"alignnone size-medium wp-image-30159\" srcset=\"https:\/\/sabuguinho.com.br\/site\/wp-content\/uploads\/2025\/08\/Screenshot_20250814-1330362-150x83.jpg 150w, https:\/\/sabuguinho.com.br\/site\/wp-content\/uploads\/2025\/08\/Screenshot_20250814-1330362-512x282.jpg 512w, https:\/\/sabuguinho.com.br\/site\/wp-content\/uploads\/2025\/08\/Screenshot_20250814-1330362-768x423.jpg 768w, https:\/\/sabuguinho.com.br\/site\/wp-content\/uploads\/2025\/08\/Screenshot_20250814-1330362-750x413.jpg 750w, https:\/\/sabuguinho.com.br\/site\/wp-content\/uploads\/2025\/08\/Screenshot_20250814-1330362.jpg 1034w\" sizes=\"auto, (max-width: 150px) 100vw, 150px\" \/><\/p>\n<p><img loading=\"lazy\" decoding=\"async\" src=\"https:\/\/sabuguinho.com.br\/site\/wp-content\/uploads\/2025\/08\/Screenshot_20250814-1330562-150x73.jpg\" alt=\"\" width=\"150\" height=\"73\" class=\"alignnone size-medium wp-image-30160\" srcset=\"https:\/\/sabuguinho.com.br\/site\/wp-content\/uploads\/2025\/08\/Screenshot_20250814-1330562-150x73.jpg 150w, https:\/\/sabuguinho.com.br\/site\/wp-content\/uploads\/2025\/08\/Screenshot_20250814-1330562-512x247.jpg 512w, https:\/\/sabuguinho.com.br\/site\/wp-content\/uploads\/2025\/08\/Screenshot_20250814-1330562-768x371.jpg 768w, https:\/\/sabuguinho.com.br\/site\/wp-content\/uploads\/2025\/08\/Screenshot_20250814-1330562-750x363.jpg 750w, https:\/\/sabuguinho.com.br\/site\/wp-content\/uploads\/2025\/08\/Screenshot_20250814-1330562.jpg 1080w\" sizes=\"auto, (max-width: 150px) 100vw, 150px\" \/><\/p>\n<p><img loading=\"lazy\" decoding=\"async\" src=\"https:\/\/sabuguinho.com.br\/site\/wp-content\/uploads\/2025\/08\/Screenshot_20250814-1331082-150x69.jpg\" alt=\"\" width=\"150\" height=\"69\" class=\"alignnone size-medium wp-image-30161\" srcset=\"https:\/\/sabuguinho.com.br\/site\/wp-content\/uploads\/2025\/08\/Screenshot_20250814-1331082-150x69.jpg 150w, https:\/\/sabuguinho.com.br\/site\/wp-content\/uploads\/2025\/08\/Screenshot_20250814-1331082-512x236.jpg 512w, https:\/\/sabuguinho.com.br\/site\/wp-content\/uploads\/2025\/08\/Screenshot_20250814-1331082-768x353.jpg 768w, https:\/\/sabuguinho.com.br\/site\/wp-content\/uploads\/2025\/08\/Screenshot_20250814-1331082-750x345.jpg 750w, https:\/\/sabuguinho.com.br\/site\/wp-content\/uploads\/2025\/08\/Screenshot_20250814-1331082.jpg 1080w\" sizes=\"auto, (max-width: 150px) 100vw, 150px\" \/><\/p>\n<p><img loading=\"lazy\" decoding=\"async\" src=\"https:\/\/sabuguinho.com.br\/site\/wp-content\/uploads\/2025\/08\/Screenshot_20250814-1331302-150x83.jpg\" alt=\"\" width=\"150\" height=\"83\" class=\"alignnone size-medium wp-image-30162\" srcset=\"https:\/\/sabuguinho.com.br\/site\/wp-content\/uploads\/2025\/08\/Screenshot_20250814-1331302-150x83.jpg 150w, https:\/\/sabuguinho.com.br\/site\/wp-content\/uploads\/2025\/08\/Screenshot_20250814-1331302-512x282.jpg 512w, https:\/\/sabuguinho.com.br\/site\/wp-content\/uploads\/2025\/08\/Screenshot_20250814-1331302-768x423.jpg 768w, https:\/\/sabuguinho.com.br\/site\/wp-content\/uploads\/2025\/08\/Screenshot_20250814-1331302-750x413.jpg 750w, https:\/\/sabuguinho.com.br\/site\/wp-content\/uploads\/2025\/08\/Screenshot_20250814-1331302.jpg 1080w\" sizes=\"auto, (max-width: 150px) 100vw, 150px\" \/><\/p>\n<p>Obra do Governo Roberto Araujo vai garantir desenvolvimento social, tur\u00edstico e econ\u00f4mico da regi\u00e3o<\/p>\n<p>Cerca de 40% da pavimenta\u00e7\u00e3o da Avenida Copacabana j\u00e1 foi conclu\u00edda. A importante via que est\u00e1 em processo de duplica\u00e7\u00e3o liga a Rodovia Jo\u00e3o Mell\u00e3o (SP-255) \u00e0 Represa Jurumirim, principal cart\u00e3o-postal da Est\u00e2ncia Tur\u00edstica de Avar\u00e9.<br \/>\nCom investimento de quase R$ 4 milh\u00f5es, o empreendimento do Governo Roberto Araujo \u00e9 fruto de conv\u00eanio com o Departamento de Apoio ao Desenvolvimento dos Munic\u00edpios Tur\u00edsticos (DADETUR), por meio da Secretaria Estadual de Turismo e Viagens.<br \/>\nA fiscaliza\u00e7\u00e3o est\u00e1 a cargo da Secretaria Municipal de Planejamento e Obras.<br \/>\n\u201cA expectativa nos pr\u00f3ximos dias \u00e9 finalizar a instala\u00e7\u00e3o de guias, sarjetas e drenagem para dar continuidade \u00e0 pavimenta\u00e7\u00e3o\u201d, informa a empresa respons\u00e1vel.<\/p>\n<p>Desenvolvimento social, tur\u00edstico e econ\u00f4mico<\/p>\n<p>A Avenida Copacabana d\u00e1 acesso \u00e0 marina localizada na represa e aos bairros Ponta dos Cambar\u00e1s e Vivenda do Solemar, ambos \u00e0s margens da Jurumirim.<br \/>\nAl\u00e9m de beneficiar a popula\u00e7\u00e3o residente nas localidades, o empreendimento vai favorecer empreendimentos comerciais ali instalados, garantindo o desenvolvimento social, econ\u00f4mico e tur\u00edstico de toda a regi\u00e3o.<\/p>\n","protected":false},"excerpt":{"rendered":"<p>Obra do Governo Roberto Araujo vai garantir desenvolvimento social, tur\u00edstico e econ\u00f4mico da regi\u00e3o Cerca de 40% da pavimenta\u00e7\u00e3o da Avenida Copacabana j\u00e1 foi conclu\u00edda. A importante via que est\u00e1 em processo de duplica\u00e7\u00e3o liga a Rodovia Jo\u00e3o Mell\u00e3o (SP-255) \u00e0 Represa Jurumirim, principal cart\u00e3o-postal da Est\u00e2ncia Tur\u00edstica de Avar\u00e9. Com investimento de quase R$ [&hellip;]<\/p>\n","protected":false},"author":2,"featured_media":30156,"comment_status":"open","ping_status":"open","sticky":false,"template":"","format":"standard","meta":{"footnotes":""},"categories":[1],"tags":[],"class_list":["post-30155","post","type-post","status-publish","format-standard","has-post-thumbnail","hentry","category-politicas-em-geral"],"_links":{"self":[{"href":"https:\/\/sabuguinho.com.br\/site\/wp-json\/wp\/v2\/posts\/30155","targetHints":{"allow":["GET"]}}],"collection":[{"href":"https:\/\/sabuguinho.com.br\/site\/wp-json\/wp\/v2\/posts"}],"about":[{"href":"https:\/\/sabuguinho.com.br\/site\/wp-json\/wp\/v2\/types\/post"}],"author":[{"embeddable":true,"href":"https:\/\/sabuguinho.com.br\/site\/wp-json\/wp\/v2\/users\/2"}],"replies":[{"embeddable":true,"href":"https:\/\/sabuguinho.com.br\/site\/wp-json\/wp\/v2\/comments?post=30155"}],"version-history":[{"count":1,"href":"https:\/\/sabuguinho.com.br\/site\/wp-json\/wp\/v2\/posts\/30155\/revisions"}],"predecessor-version":[{"id":30163,"href":"https:\/\/sabuguinho.com.br\/site\/wp-json\/wp\/v2\/posts\/30155\/revisions\/30163"}],"wp:featuredmedia":[{"embeddable":true,"href":"https:\/\/sabuguinho.com.br\/site\/wp-json\/wp\/v2\/media\/30156"}],"wp:attachment":[{"href":"https:\/\/sabuguinho.com.br\/site\/wp-json\/wp\/v2\/media?parent=30155"}],"wp:term":[{"taxonomy":"category","embeddable":true,"href":"https:\/\/sabuguinho.com.br\/site\/wp-json\/wp\/v2\/categories?post=30155"},{"taxonomy":"post_tag","embeddable":true,"href":"https:\/\/sabuguinho.com.br\/site\/wp-json\/wp\/v2\/tags?post=30155"}],"curies":[{"name":"wp","href":"https:\/\/api.w.org\/{rel}","templated":true}]}}