{"id":2989,"date":"2024-01-22T12:45:51","date_gmt":"2024-01-22T15:45:51","guid":{"rendered":"https:\/\/sabuguinho.com.br\/site\/?p=2989"},"modified":"2024-01-22T12:45:51","modified_gmt":"2024-01-22T15:45:51","slug":"educacao-obras-para-instalacao-de-nova-creche-sao-iniciadas","status":"publish","type":"post","link":"https:\/\/sabuguinho.com.br\/site\/educacao-obras-para-instalacao-de-nova-creche-sao-iniciadas\/","title":{"rendered":"EDUCA\u00c7\u00c3O &#8211; Obras para instala\u00e7\u00e3o de nova creche s\u00e3o iniciadas"},"content":{"rendered":"<p>Pr\u00e9dio da antiga escola \u201cZainy Zequi de Oliveira\u201d vai virar CEI com mesmo nome<\/p>\n<p>Est\u00e3o a todo vapor as obras para a instala\u00e7\u00e3o do Centro de Educa\u00e7\u00e3o Infantil (CEI) \u201cProfessora Zainy Zequi de Oliveira\u201d, no Bairro Alto.<br \/>\nA nova creche vai funcionar na antiga escola municipal de mesmo nome. A unidade encerrou as atividades em 2022, quando os alunos foram transferidos para a escola \u201cProfessora Maria Pierina Domiciano Silvestre\u201d, rec\u00e9m-inaugurada na \u00e9poca.<br \/>\nNa ocasi\u00e3o, a Prefeitura da Est\u00e2ncia Tur\u00edstica de Avar\u00e9 anunciou o desejo de transformar o im\u00f3vel em um CEI.<\/p>\n<p>Investimento<\/p>\n<p>A adequa\u00e7\u00e3o do pr\u00e9dio \u00e9 executada com recursos da Secretaria Municipal de Educa\u00e7\u00e3o. O investimento supera R$ 1.500 milh\u00e3o.<br \/>\nCom ber\u00e7\u00e1rio e maternal, a nova creche vai atender aproximadamente 180 crian\u00e7as de 4 meses at\u00e9 3 anos e 11 meses. A expectativa \u00e9 que o empreendimento seja finalizado at\u00e9 o final do ano.<\/p>\n<p><img loading=\"lazy\" decoding=\"async\" src=\"https:\/\/sabuguinho.com.br\/site\/wp-content\/uploads\/2024\/01\/Screenshot_20240122-1242482-150x102.png\" alt=\"\" width=\"150\" height=\"102\" class=\"alignnone size-medium wp-image-2990\" srcset=\"https:\/\/sabuguinho.com.br\/site\/wp-content\/uploads\/2024\/01\/Screenshot_20240122-1242482-150x102.png 150w, https:\/\/sabuguinho.com.br\/site\/wp-content\/uploads\/2024\/01\/Screenshot_20240122-1242482-512x348.png 512w, https:\/\/sabuguinho.com.br\/site\/wp-content\/uploads\/2024\/01\/Screenshot_20240122-1242482-768x522.png 768w, https:\/\/sabuguinho.com.br\/site\/wp-content\/uploads\/2024\/01\/Screenshot_20240122-1242482-750x510.png 750w, https:\/\/sabuguinho.com.br\/site\/wp-content\/uploads\/2024\/01\/Screenshot_20240122-1242482.png 1080w\" sizes=\"auto, (max-width: 150px) 100vw, 150px\" \/><\/p>\n","protected":false},"excerpt":{"rendered":"<p>Pr\u00e9dio da antiga escola \u201cZainy Zequi de Oliveira\u201d vai virar CEI com mesmo nome Est\u00e3o a todo vapor as obras para a instala\u00e7\u00e3o do Centro de Educa\u00e7\u00e3o Infantil (CEI) \u201cProfessora Zainy Zequi de Oliveira\u201d, no Bairro Alto. A nova creche vai funcionar na antiga escola municipal de mesmo nome. A unidade encerrou as atividades em [&hellip;]<\/p>\n","protected":false},"author":2,"featured_media":2992,"comment_status":"open","ping_status":"open","sticky":false,"template":"","format":"standard","meta":{"footnotes":""},"categories":[58],"tags":[],"class_list":["post-2989","post","type-post","status-publish","format-standard","has-post-thumbnail","hentry","category-noticias-locais"],"_links":{"self":[{"href":"https:\/\/sabuguinho.com.br\/site\/wp-json\/wp\/v2\/posts\/2989","targetHints":{"allow":["GET"]}}],"collection":[{"href":"https:\/\/sabuguinho.com.br\/site\/wp-json\/wp\/v2\/posts"}],"about":[{"href":"https:\/\/sabuguinho.com.br\/site\/wp-json\/wp\/v2\/types\/post"}],"author":[{"embeddable":true,"href":"https:\/\/sabuguinho.com.br\/site\/wp-json\/wp\/v2\/users\/2"}],"replies":[{"embeddable":true,"href":"https:\/\/sabuguinho.com.br\/site\/wp-json\/wp\/v2\/comments?post=2989"}],"version-history":[{"count":1,"href":"https:\/\/sabuguinho.com.br\/site\/wp-json\/wp\/v2\/posts\/2989\/revisions"}],"predecessor-version":[{"id":2993,"href":"https:\/\/sabuguinho.com.br\/site\/wp-json\/wp\/v2\/posts\/2989\/revisions\/2993"}],"wp:featuredmedia":[{"embeddable":true,"href":"https:\/\/sabuguinho.com.br\/site\/wp-json\/wp\/v2\/media\/2992"}],"wp:attachment":[{"href":"https:\/\/sabuguinho.com.br\/site\/wp-json\/wp\/v2\/media?parent=2989"}],"wp:term":[{"taxonomy":"category","embeddable":true,"href":"https:\/\/sabuguinho.com.br\/site\/wp-json\/wp\/v2\/categories?post=2989"},{"taxonomy":"post_tag","embeddable":true,"href":"https:\/\/sabuguinho.com.br\/site\/wp-json\/wp\/v2\/tags?post=2989"}],"curies":[{"name":"wp","href":"https:\/\/api.w.org\/{rel}","templated":true}]}}