{"id":2964,"date":"2024-01-21T14:49:34","date_gmt":"2024-01-21T17:49:34","guid":{"rendered":"https:\/\/sabuguinho.com.br\/site\/?p=2964"},"modified":"2024-01-21T14:49:34","modified_gmt":"2024-01-21T17:49:34","slug":"presidente-do-peru-sofre-agressao-durante-evento-oficial-em-ayacucho","status":"publish","type":"post","link":"https:\/\/sabuguinho.com.br\/site\/presidente-do-peru-sofre-agressao-durante-evento-oficial-em-ayacucho\/","title":{"rendered":"Presidente do Peru sofre agress\u00e3o durante evento oficial em Ayacucho"},"content":{"rendered":"<p>Fonte: G1<\/p>\n<p>A presidente do Peru, Dina Boluarte, foi agredida neste s\u00e1bado (20) por duas mulheres durante um evento oficial na cidade andina de Ayacucho, onde 10 pessoas morreram em protestos contra seu governo.<br \/>\nBoluarte participava da coloca\u00e7\u00e3o da primeira pedra do asfaltamento de uma estrada no distrito de Chiara, na regi\u00e3o de Ayacucho, a cerca de 570 km de Lima.<br \/>\nA presidente estava acompanhada pelo governador de Ayacucho, Wilfredo Oscorima, quando Ruth B\u00e1rcena se aproximou silenciosamente com outra mulher que puxou os cabelos da presidente, segundo imagens da televis\u00e3o.<br \/>\nPoliciais e seguran\u00e7as agiram em seguida e uma das mulheres foi detida.<br \/>\nB\u00e1rcena acusou Boluarte de ser respons\u00e1vel pela morte de seu marido, Leonardo Ancco, um dos mortos nos protestos em Ayacucho em 15 de dezembro de 2022.<br \/>\n\u201cMataram meu esposo, vou ficar calma?\u201d, questionou B\u00e1rcena ao ser detida.<br \/>\nO chefe de gabinete Alberto Ot\u00e1rola repudiou o incidente. \u201cCondeno a agress\u00e3o sofrida pela presidente Dina Boluarte hoje durante um compromisso oficial. Este lament\u00e1vel fato colocou em risco a integridade da chefe de Estado e isto \u00e9 grav\u00edssimo. Com viol\u00eancia, perdemos todos como pa\u00eds\u201d, escreveu ele na rede social X (ex-Twitter).<br \/>\nA presidente retornou a Ayacucho pela primeira vez desde as manifesta\u00e7\u00f5es que deixaram dezenas de mortos no pa\u00eds, cerca de 20 supostamente pelas m\u00e3os de for\u00e7as do Estado, segundo a Comiss\u00e3o Interamericana de Direitos Humanos.<\/p>\n","protected":false},"excerpt":{"rendered":"<p>Fonte: G1 A presidente do Peru, Dina Boluarte, foi agredida neste s\u00e1bado (20) por duas mulheres durante um evento oficial na cidade andina de Ayacucho, onde 10 pessoas morreram em protestos contra seu governo. Boluarte participava da coloca\u00e7\u00e3o da primeira pedra do asfaltamento de uma estrada no distrito de Chiara, na regi\u00e3o de Ayacucho, a [&hellip;]<\/p>\n","protected":false},"author":2,"featured_media":2965,"comment_status":"open","ping_status":"open","sticky":false,"template":"","format":"standard","meta":{"footnotes":""},"categories":[1],"tags":[],"class_list":["post-2964","post","type-post","status-publish","format-standard","has-post-thumbnail","hentry","category-politicas-em-geral"],"_links":{"self":[{"href":"https:\/\/sabuguinho.com.br\/site\/wp-json\/wp\/v2\/posts\/2964","targetHints":{"allow":["GET"]}}],"collection":[{"href":"https:\/\/sabuguinho.com.br\/site\/wp-json\/wp\/v2\/posts"}],"about":[{"href":"https:\/\/sabuguinho.com.br\/site\/wp-json\/wp\/v2\/types\/post"}],"author":[{"embeddable":true,"href":"https:\/\/sabuguinho.com.br\/site\/wp-json\/wp\/v2\/users\/2"}],"replies":[{"embeddable":true,"href":"https:\/\/sabuguinho.com.br\/site\/wp-json\/wp\/v2\/comments?post=2964"}],"version-history":[{"count":1,"href":"https:\/\/sabuguinho.com.br\/site\/wp-json\/wp\/v2\/posts\/2964\/revisions"}],"predecessor-version":[{"id":2966,"href":"https:\/\/sabuguinho.com.br\/site\/wp-json\/wp\/v2\/posts\/2964\/revisions\/2966"}],"wp:featuredmedia":[{"embeddable":true,"href":"https:\/\/sabuguinho.com.br\/site\/wp-json\/wp\/v2\/media\/2965"}],"wp:attachment":[{"href":"https:\/\/sabuguinho.com.br\/site\/wp-json\/wp\/v2\/media?parent=2964"}],"wp:term":[{"taxonomy":"category","embeddable":true,"href":"https:\/\/sabuguinho.com.br\/site\/wp-json\/wp\/v2\/categories?post=2964"},{"taxonomy":"post_tag","embeddable":true,"href":"https:\/\/sabuguinho.com.br\/site\/wp-json\/wp\/v2\/tags?post=2964"}],"curies":[{"name":"wp","href":"https:\/\/api.w.org\/{rel}","templated":true}]}}