{"id":29635,"date":"2025-08-08T15:52:58","date_gmt":"2025-08-08T18:52:58","guid":{"rendered":"https:\/\/sabuguinho.com.br\/site\/?p=29635"},"modified":"2025-08-08T15:52:58","modified_gmt":"2025-08-08T18:52:58","slug":"aos-66-anos-morre-icone-do-samba-arlindo-cruz","status":"publish","type":"post","link":"https:\/\/sabuguinho.com.br\/site\/aos-66-anos-morre-icone-do-samba-arlindo-cruz\/","title":{"rendered":"Aos 66 anos, morre \u00edcone do samba, Arlindo Cruz"},"content":{"rendered":"<p>Sambista estava com a sa\u00fade fr\u00e1gil desde 2017, quando sofreu um AVC<\/p>\n<p>Ag\u00eancia Brasil*<\/p>\n<p>Nesta sexta-feira (8), o Brasil se despede de um de seus maiores talentos musicais &#8211; o multi-instrumentista, compositor e \u00edcone do samba, Arlindo Cruz. Com a sa\u00fade debilitada desde 2017, quando sofreu um grave Acidente Vascular Cerebral (AVC), Arlindo Cruz morreu aos 66 anos.<br \/>\nNascido em 14 de setembro de 1956, em Madureira, na Zona Norte do Rio de Janeiro, Arlindo Domingos da Cruz Filho cresceu embalado pelo batuque das rodas de samba. Aos 7 anos de idade, ganhou seu primeiro cavaquinho. Ainda muito jovem, come\u00e7ou a trabalhar como m\u00fasico, ao lado de grandes artistas, como Candeia. Mais tarde foi para a Escola Preparat\u00f3ria de Cadetes do Ar, mas sem jamais abandonar a m\u00fasica.<br \/>\nQuando deixou a Aeron\u00e1utica, Arlindo Cruz passou a frequentar as rodas de samba do Cacique de Ramos, ao lado de Jorge Arag\u00e3o, Beth Carvalho, Almir Guineto, Zeca Pagodinho e Sombrinha, que viria a ser seu grande parceiro. Ali, recebeu o convite para participar do grupo Fundo de Quintal. Foi nesse tempo que o samba ganhou nova forma, com uma sonoridade moderna, mas sem perder a ess\u00eancia dos quintais e terreiros. Suas composi\u00e7\u00f5es logo passaram a figurar nas vozes de Zeca Pagodinho, Beth Carvalho, Alcione e tantos outros. Foram, ent\u00e3o, 12 anos de trabalho, deixando o grupo em 1993, para se lan\u00e7ar em carreira solo.<\/p>\n<p>Assista ao programa Samba na Gamboa, da TV Brasil, com Arlindinho Cruz, que homenageou o pai<\/p>\n<div class=\"jeg_video_container jeg_video_content\"><iframe loading=\"lazy\" title=\"Arlindinho \u00e9 o convidado do Samba na Gamboa\" width=\"500\" height=\"281\" src=\"https:\/\/www.youtube.com\/embed\/qEyytc5ghrk?feature=oembed\" frameborder=\"0\" allow=\"accelerometer; autoplay; clipboard-write; encrypted-media; gyroscope; picture-in-picture; web-share\" referrerpolicy=\"strict-origin-when-cross-origin\" allowfullscreen><\/iframe><\/div>\n<p>>> Siga o canal da Ag\u00eancia Brasil no WhatsApp<\/p>\n<p>Autor de mais de 700 m\u00fasicas, Arlindo Cruz escrevia com o cora\u00e7\u00e3o e a alma. Suas letras entoavam o amor, a f\u00e9 e a luta, traduzindo o cotidiano de milhares de brasileiros. Entre os maiores sucessos est\u00e3o O Show Tem que Continuar, Meu Lugar e Baga\u00e7o de Laranja.<br \/>\nArlindo tamb\u00e9m era uma voz marcante no carnaval do Rio de Janeiro e figura querida nas quadras de escolas de samba, como o Imp\u00e9rio Serrano. Defensor fervoroso da cultura popular, foi torcedor apaixonado do Flamengo.<br \/>\nFiel \u00e0 sua religi\u00e3o, o candombl\u00e9, e aos Orix\u00e1s, lutava contra a intoler\u00e2ncia. <\/p>\n<p>*com informa\u00e7\u00f5es de Solimar Luz, rep\u00f3rter do Radiojornalismo<\/p>\n","protected":false},"excerpt":{"rendered":"<p>Sambista estava com a sa\u00fade fr\u00e1gil desde 2017, quando sofreu um AVC Ag\u00eancia Brasil* Nesta sexta-feira (8), o Brasil se despede de um de seus maiores talentos musicais &#8211; o multi-instrumentista, compositor e \u00edcone do samba, Arlindo Cruz. Com a sa\u00fade debilitada desde 2017, quando sofreu um grave Acidente Vascular Cerebral (AVC), Arlindo Cruz morreu [&hellip;]<\/p>\n","protected":false},"author":2,"featured_media":29639,"comment_status":"open","ping_status":"open","sticky":false,"template":"","format":"standard","meta":{"footnotes":""},"categories":[61],"tags":[],"_links":{"self":[{"href":"https:\/\/sabuguinho.com.br\/site\/wp-json\/wp\/v2\/posts\/29635"}],"collection":[{"href":"https:\/\/sabuguinho.com.br\/site\/wp-json\/wp\/v2\/posts"}],"about":[{"href":"https:\/\/sabuguinho.com.br\/site\/wp-json\/wp\/v2\/types\/post"}],"author":[{"embeddable":true,"href":"https:\/\/sabuguinho.com.br\/site\/wp-json\/wp\/v2\/users\/2"}],"replies":[{"embeddable":true,"href":"https:\/\/sabuguinho.com.br\/site\/wp-json\/wp\/v2\/comments?post=29635"}],"version-history":[{"count":1,"href":"https:\/\/sabuguinho.com.br\/site\/wp-json\/wp\/v2\/posts\/29635\/revisions"}],"predecessor-version":[{"id":29640,"href":"https:\/\/sabuguinho.com.br\/site\/wp-json\/wp\/v2\/posts\/29635\/revisions\/29640"}],"wp:featuredmedia":[{"embeddable":true,"href":"https:\/\/sabuguinho.com.br\/site\/wp-json\/wp\/v2\/media\/29639"}],"wp:attachment":[{"href":"https:\/\/sabuguinho.com.br\/site\/wp-json\/wp\/v2\/media?parent=29635"}],"wp:term":[{"taxonomy":"category","embeddable":true,"href":"https:\/\/sabuguinho.com.br\/site\/wp-json\/wp\/v2\/categories?post=29635"},{"taxonomy":"post_tag","embeddable":true,"href":"https:\/\/sabuguinho.com.br\/site\/wp-json\/wp\/v2\/tags?post=29635"}],"curies":[{"name":"wp","href":"https:\/\/api.w.org\/{rel}","templated":true}]}}