{"id":29623,"date":"2025-08-08T15:24:08","date_gmt":"2025-08-08T18:24:08","guid":{"rendered":"https:\/\/sabuguinho.com.br\/site\/?p=29623"},"modified":"2025-08-08T15:24:26","modified_gmt":"2025-08-08T18:24:26","slug":"filho-faz-desabafo-emocionado-apos-perder-a-mae-por-suposta-negligencia-medica-no-pronto-socorro-de-avare","status":"publish","type":"post","link":"https:\/\/sabuguinho.com.br\/site\/filho-faz-desabafo-emocionado-apos-perder-a-mae-por-suposta-negligencia-medica-no-pronto-socorro-de-avare\/","title":{"rendered":"FILHO FAZ DESABAFO EMOCIONADO AP\u00d3S PERDER A M\u00c3E POR SUPOSTA NEGLIG\u00caNCIA M\u00c9DICA NO PRONTO SOCORRO DE AVAR\u00c9"},"content":{"rendered":"<p>O mun\u00edcipe Gabriel Foga\u00e7a publicou um desabafo emocionado nas redes sociais na quarta-feira (6), relatando sua experi\u00eancia com o atendimento m\u00e9dico no Pronto Socorro Municipal de Avar\u00e9 ap\u00f3s a perda de sua m\u00e3e. O texto, escrito com profunda tristeza, destaca o sofrimento da fam\u00edlia e questiona a qualidade do atendimento recebido.<br \/>\nGabriel narrou que, em 23 de julho, levou sua m\u00e3e ao PS devido a fortes dores abdominais e v\u00f4mitos, mas o m\u00e9dico de plant\u00e3o sequer se levantou para examin\u00e1-la, limitando-se a administrar soro e dispens\u00e1-la.<br \/>\nApesar de retornar ao local em 27 de julho, com uma m\u00e9dica pedindo um raio-X que diagnosticou apenas gazes, e novamente em 29 de julho, quando foi atendida pelo Dr. Jackson \u2014 elogiado por sua dedica\u00e7\u00e3o \u2014, a situa\u00e7\u00e3o se agravou. Sua m\u00e3e, com intestino perfurado h\u00e1 quatro dias, foi transferida para a Santa Casa, onde passou por cirurgia de urg\u00eancia, mas faleceu em 1\u00ba de agosto devido a uma infec\u00e7\u00e3o bacteriana.<br \/>\nNo desabafo, Gabriel expressou indigna\u00e7\u00e3o com a falta de exames de imagem mais detalhados e sugeriu que um atendimento mais atento no in\u00edcio poderia ter evitado o sofrimento de seis dias. Ele destacou o trabalho exemplar do Dr. Jackson e do Dr. Felipe, da Santa Casa, pedindo ao poder p\u00fablico que cobre um atendimento digno, inspirado no amor ao pr\u00f3ximo demonstrado por esses profissionais. Apesar de elogiar maqueiros, enfermeiros e a equipe da Santa Casa, ele criticou a aparente neglig\u00eancia de alguns m\u00e9dicos e cobrou dos vereadores maior aten\u00e7\u00e3o \u00e0 sa\u00fade p\u00fablica, usando sua hist\u00f3ria como alerta.<br \/>\nA publica\u00e7\u00e3o de Gabriel, que inclui uma oferta para revelar os nomes dos m\u00e9dicos envolvidos com base na escala do PS, j\u00e1 gera debates na comunidade, clamando por melhorias no sistema de sa\u00fade local.<\/p>\n<p>Confira a publica\u00e7\u00e3o na \u00edntegra:<\/p>\n<p><img loading=\"lazy\" decoding=\"async\" src=\"https:\/\/sabuguinho.com.br\/site\/wp-content\/uploads\/2025\/08\/Screenshot_2-1-150x145.png\" alt=\"\" width=\"150\" height=\"145\" class=\"alignnone size-medium wp-image-29624\" srcset=\"https:\/\/sabuguinho.com.br\/site\/wp-content\/uploads\/2025\/08\/Screenshot_2-1-150x145.png 150w, https:\/\/sabuguinho.com.br\/site\/wp-content\/uploads\/2025\/08\/Screenshot_2-1-512x496.png 512w, https:\/\/sabuguinho.com.br\/site\/wp-content\/uploads\/2025\/08\/Screenshot_2-1.png 681w\" sizes=\"(max-width: 150px) 100vw, 150px\" \/><\/p>\n<p><img loading=\"lazy\" decoding=\"async\" src=\"https:\/\/sabuguinho.com.br\/site\/wp-content\/uploads\/2025\/08\/Screenshot_3-150x144.png\" alt=\"\" width=\"150\" height=\"144\" class=\"alignnone size-medium wp-image-29625\" srcset=\"https:\/\/sabuguinho.com.br\/site\/wp-content\/uploads\/2025\/08\/Screenshot_3-150x144.png 150w, https:\/\/sabuguinho.com.br\/site\/wp-content\/uploads\/2025\/08\/Screenshot_3-512x493.png 512w, https:\/\/sabuguinho.com.br\/site\/wp-content\/uploads\/2025\/08\/Screenshot_3.png 669w\" sizes=\"(max-width: 150px) 100vw, 150px\" \/><\/p>\n","protected":false},"excerpt":{"rendered":"<p>O mun\u00edcipe Gabriel Foga\u00e7a publicou um desabafo emocionado nas redes sociais na quarta-feira (6), relatando sua experi\u00eancia com o atendimento m\u00e9dico no Pronto Socorro Municipal de Avar\u00e9 ap\u00f3s a perda de sua m\u00e3e. O texto, escrito com profunda tristeza, destaca o sofrimento da fam\u00edlia e questiona a qualidade do atendimento recebido. Gabriel narrou que, em [&hellip;]<\/p>\n","protected":false},"author":2,"featured_media":29626,"comment_status":"open","ping_status":"open","sticky":false,"template":"","format":"standard","meta":{"footnotes":""},"categories":[58],"tags":[],"_links":{"self":[{"href":"https:\/\/sabuguinho.com.br\/site\/wp-json\/wp\/v2\/posts\/29623"}],"collection":[{"href":"https:\/\/sabuguinho.com.br\/site\/wp-json\/wp\/v2\/posts"}],"about":[{"href":"https:\/\/sabuguinho.com.br\/site\/wp-json\/wp\/v2\/types\/post"}],"author":[{"embeddable":true,"href":"https:\/\/sabuguinho.com.br\/site\/wp-json\/wp\/v2\/users\/2"}],"replies":[{"embeddable":true,"href":"https:\/\/sabuguinho.com.br\/site\/wp-json\/wp\/v2\/comments?post=29623"}],"version-history":[{"count":1,"href":"https:\/\/sabuguinho.com.br\/site\/wp-json\/wp\/v2\/posts\/29623\/revisions"}],"predecessor-version":[{"id":29627,"href":"https:\/\/sabuguinho.com.br\/site\/wp-json\/wp\/v2\/posts\/29623\/revisions\/29627"}],"wp:featuredmedia":[{"embeddable":true,"href":"https:\/\/sabuguinho.com.br\/site\/wp-json\/wp\/v2\/media\/29626"}],"wp:attachment":[{"href":"https:\/\/sabuguinho.com.br\/site\/wp-json\/wp\/v2\/media?parent=29623"}],"wp:term":[{"taxonomy":"category","embeddable":true,"href":"https:\/\/sabuguinho.com.br\/site\/wp-json\/wp\/v2\/categories?post=29623"},{"taxonomy":"post_tag","embeddable":true,"href":"https:\/\/sabuguinho.com.br\/site\/wp-json\/wp\/v2\/tags?post=29623"}],"curies":[{"name":"wp","href":"https:\/\/api.w.org\/{rel}","templated":true}]}}