{"id":29165,"date":"2025-08-02T18:35:35","date_gmt":"2025-08-02T21:35:35","guid":{"rendered":"https:\/\/sabuguinho.com.br\/site\/?p=29165"},"modified":"2025-08-02T18:35:35","modified_gmt":"2025-08-02T21:35:35","slug":"passageira-fica-ferida-apos-caminhonete-capotar-e-cair-de-ponte-na-sp-255-em-avare","status":"publish","type":"post","link":"https:\/\/sabuguinho.com.br\/site\/passageira-fica-ferida-apos-caminhonete-capotar-e-cair-de-ponte-na-sp-255-em-avare\/","title":{"rendered":"Passageira fica ferida ap\u00f3s caminhonete capotar e cair de ponte na SP-255 em Avar\u00e9"},"content":{"rendered":"<p>A passageira da caminhonete sofreu ferimentos leves e foi levada ao hospital. Os motoristas dos dois ve\u00edculos n\u00e3o se feriram. Eles fizeram o teste do baf\u00f4metro, que n\u00e3o indicou consumo de \u00e1lcool.<\/p>\n<p>Por g1 Itapetininga e regi\u00e3o<\/p>\n<p>Uma passageira ficou ferida ap\u00f3s um acidente entre um carro e uma caminhonete na rodovia Jo\u00e3o Mel\u00e3o (SP-255), em Avar\u00e9 (SP), na tarde desta sexta-feira (1\u00ba), na altura do quil\u00f4metro 242.<br \/>\nSegundo a Pol\u00edcia Rodovi\u00e1ria, os dois ve\u00edculos seguiam no sentido Avar\u00e9 quando bateram lateralmente. Com o impacto, o motorista da caminhonete perdeu o controle da dire\u00e7\u00e3o, o ve\u00edculo capotou e caiu em uma ribanceira. O trecho onde ocorreu o acidente fica sobre uma ponte.<br \/>\nA passageira da caminhonete sofreu ferimentos leves e foi levada ao hospital. Os motoristas dos dois ve\u00edculos n\u00e3o se feriram. Eles fizeram o teste do baf\u00f4metro, que n\u00e3o indicou consumo de \u00e1lcool.<\/p>\n<p><img loading=\"lazy\" decoding=\"async\" src=\"https:\/\/sabuguinho.com.br\/site\/wp-content\/uploads\/2025\/08\/screenshot-15-150x99.jpeg\" alt=\"\" width=\"150\" height=\"99\" class=\"alignnone size-medium wp-image-29168\" srcset=\"https:\/\/sabuguinho.com.br\/site\/wp-content\/uploads\/2025\/08\/screenshot-15-150x99.jpeg 150w, https:\/\/sabuguinho.com.br\/site\/wp-content\/uploads\/2025\/08\/screenshot-15-512x337.jpeg 512w, https:\/\/sabuguinho.com.br\/site\/wp-content\/uploads\/2025\/08\/screenshot-15.jpeg 600w\" sizes=\"auto, (max-width: 150px) 100vw, 150px\" \/><\/p>\n<p>Legenda<br \/>\nPassageira fica ferida ap\u00f3s caminhonete capotar e cair de ponte na SP-255 em Avar\u00e9 \u2014 Foto: Reprodu\u00e7\u00e3o\/A Voz do Vale<\/p>\n","protected":false},"excerpt":{"rendered":"<p>A passageira da caminhonete sofreu ferimentos leves e foi levada ao hospital. Os motoristas dos dois ve\u00edculos n\u00e3o se feriram. Eles fizeram o teste do baf\u00f4metro, que n\u00e3o indicou consumo de \u00e1lcool. Por g1 Itapetininga e regi\u00e3o Uma passageira ficou ferida ap\u00f3s um acidente entre um carro e uma caminhonete na rodovia Jo\u00e3o Mel\u00e3o (SP-255), [&hellip;]<\/p>\n","protected":false},"author":2,"featured_media":29169,"comment_status":"open","ping_status":"open","sticky":false,"template":"","format":"standard","meta":{"footnotes":""},"categories":[75],"tags":[],"class_list":["post-29165","post","type-post","status-publish","format-standard","has-post-thumbnail","hentry","category-policiais-policiais"],"_links":{"self":[{"href":"https:\/\/sabuguinho.com.br\/site\/wp-json\/wp\/v2\/posts\/29165","targetHints":{"allow":["GET"]}}],"collection":[{"href":"https:\/\/sabuguinho.com.br\/site\/wp-json\/wp\/v2\/posts"}],"about":[{"href":"https:\/\/sabuguinho.com.br\/site\/wp-json\/wp\/v2\/types\/post"}],"author":[{"embeddable":true,"href":"https:\/\/sabuguinho.com.br\/site\/wp-json\/wp\/v2\/users\/2"}],"replies":[{"embeddable":true,"href":"https:\/\/sabuguinho.com.br\/site\/wp-json\/wp\/v2\/comments?post=29165"}],"version-history":[{"count":1,"href":"https:\/\/sabuguinho.com.br\/site\/wp-json\/wp\/v2\/posts\/29165\/revisions"}],"predecessor-version":[{"id":29170,"href":"https:\/\/sabuguinho.com.br\/site\/wp-json\/wp\/v2\/posts\/29165\/revisions\/29170"}],"wp:featuredmedia":[{"embeddable":true,"href":"https:\/\/sabuguinho.com.br\/site\/wp-json\/wp\/v2\/media\/29169"}],"wp:attachment":[{"href":"https:\/\/sabuguinho.com.br\/site\/wp-json\/wp\/v2\/media?parent=29165"}],"wp:term":[{"taxonomy":"category","embeddable":true,"href":"https:\/\/sabuguinho.com.br\/site\/wp-json\/wp\/v2\/categories?post=29165"},{"taxonomy":"post_tag","embeddable":true,"href":"https:\/\/sabuguinho.com.br\/site\/wp-json\/wp\/v2\/tags?post=29165"}],"curies":[{"name":"wp","href":"https:\/\/api.w.org\/{rel}","templated":true}]}}