{"id":28641,"date":"2025-07-25T18:55:17","date_gmt":"2025-07-25T21:55:17","guid":{"rendered":"https:\/\/sabuguinho.com.br\/site\/?p=28641"},"modified":"2025-07-25T18:59:49","modified_gmt":"2025-07-25T21:59:49","slug":"motorista-morre-apos-bater-de-frente-contra-carreta-na-sp-255-em-avare","status":"publish","type":"post","link":"https:\/\/sabuguinho.com.br\/site\/motorista-morre-apos-bater-de-frente-contra-carreta-na-sp-255-em-avare\/","title":{"rendered":"Motorista morre ap\u00f3s bater de frente contra carreta na SP-255 em Avar\u00e9"},"content":{"rendered":"<p>Segundo a Artesp, o motorista da carreta, que transportava 37 toneladas de calc\u00e1rio, n\u00e3o teve ferimentos. Conforme a Pol\u00edcia Rodovi\u00e1ria, a rodovia n\u00e3o ficou interditada e o tr\u00e1fego flui normalmente.<\/p>\n<p>Por g1 Itapetininga e regi\u00e3o<\/p>\n<p>Um motorista morreu ap\u00f3s ter bater de frente contra uma carreta carregada com 37 toneladas de calc\u00e1rio na Rodovia Jo\u00e3o Mell\u00e3o (SP-255), altura do quil\u00f4metro 277 em Avar\u00e9 (SP), na madrugada desta sexta-feira (25).<br \/>\nSegundo a Ag\u00eancia de Transporte do Estado de S\u00e3o Paulo (Artesp), o carro invadiu a pista contr\u00e1ria e bateu de frente contra o outro ve\u00edculo. Os dois ficaram parados pelo gramado lateral da rodovia, sentido sul.<br \/>\nAinda segundo a Artesp, uma m\u00e9dica do Servi\u00e7o de Atendimento M\u00f3vel de Urg\u00eancia (Samu), confirmou a morte do motorista do carro no local. O caminhoneiro n\u00e3o ficou ferido. As equipes do Corpo de Bombeiros, da per\u00edcia e da funer\u00e1ria tamb\u00e9m estiveram no local.<\/p>\n<p>Legenda<br \/>\nCarro ficou destru\u00eddo ap\u00f3s bater de frente contra carreta na SP-255 em Avar\u00e9 (SP) nesta sexta-feira (25) \u2014 Foto: Reprodu\u00e7\u00e3o\/Artesp<\/p>\n","protected":false},"excerpt":{"rendered":"<p>Segundo a Artesp, o motorista da carreta, que transportava 37 toneladas de calc\u00e1rio, n\u00e3o teve ferimentos. Conforme a Pol\u00edcia Rodovi\u00e1ria, a rodovia n\u00e3o ficou interditada e o tr\u00e1fego flui normalmente. Por g1 Itapetininga e regi\u00e3o Um motorista morreu ap\u00f3s ter bater de frente contra uma carreta carregada com 37 toneladas de calc\u00e1rio na Rodovia Jo\u00e3o [&hellip;]<\/p>\n","protected":false},"author":2,"featured_media":28642,"comment_status":"open","ping_status":"open","sticky":false,"template":"","format":"standard","meta":{"footnotes":""},"categories":[52],"tags":[],"_links":{"self":[{"href":"https:\/\/sabuguinho.com.br\/site\/wp-json\/wp\/v2\/posts\/28641"}],"collection":[{"href":"https:\/\/sabuguinho.com.br\/site\/wp-json\/wp\/v2\/posts"}],"about":[{"href":"https:\/\/sabuguinho.com.br\/site\/wp-json\/wp\/v2\/types\/post"}],"author":[{"embeddable":true,"href":"https:\/\/sabuguinho.com.br\/site\/wp-json\/wp\/v2\/users\/2"}],"replies":[{"embeddable":true,"href":"https:\/\/sabuguinho.com.br\/site\/wp-json\/wp\/v2\/comments?post=28641"}],"version-history":[{"count":2,"href":"https:\/\/sabuguinho.com.br\/site\/wp-json\/wp\/v2\/posts\/28641\/revisions"}],"predecessor-version":[{"id":28647,"href":"https:\/\/sabuguinho.com.br\/site\/wp-json\/wp\/v2\/posts\/28641\/revisions\/28647"}],"wp:featuredmedia":[{"embeddable":true,"href":"https:\/\/sabuguinho.com.br\/site\/wp-json\/wp\/v2\/media\/28642"}],"wp:attachment":[{"href":"https:\/\/sabuguinho.com.br\/site\/wp-json\/wp\/v2\/media?parent=28641"}],"wp:term":[{"taxonomy":"category","embeddable":true,"href":"https:\/\/sabuguinho.com.br\/site\/wp-json\/wp\/v2\/categories?post=28641"},{"taxonomy":"post_tag","embeddable":true,"href":"https:\/\/sabuguinho.com.br\/site\/wp-json\/wp\/v2\/tags?post=28641"}],"curies":[{"name":"wp","href":"https:\/\/api.w.org\/{rel}","templated":true}]}}