{"id":284,"date":"2023-10-30T12:32:14","date_gmt":"2023-10-30T15:32:14","guid":{"rendered":"https:\/\/sabuguinho.com.br\/site\/?p=284"},"modified":"2023-10-30T12:32:14","modified_gmt":"2023-10-30T15:32:14","slug":"projeto-de-resolucao-pretende-mudar-as-sessoes-ordinarias-da-camara-para-as-tercas-feiras","status":"publish","type":"post","link":"https:\/\/sabuguinho.com.br\/site\/projeto-de-resolucao-pretende-mudar-as-sessoes-ordinarias-da-camara-para-as-tercas-feiras\/","title":{"rendered":"PROJETO DE RESOLU\u00c7\u00c3O PRETENDE MUDAR AS SESS\u00d5ES ORDIN\u00c1RIAS DA C\u00c2MARA PARA AS TER\u00c7AS-FEIRAS"},"content":{"rendered":"<p>Na noite desta segunda-feira, 30, os treze vereadores da C\u00e2mara Municipal discutem e votam o Projeto de Resolu\u00e7\u00e3o de n\u00ba 08\/2023 que disp\u00f5e sobre altera\u00e7\u00e3o do dia de realiza\u00e7\u00e3o das sess\u00f5es ordin\u00e1rias, que atualmente ocorrem \u00e0s segundas-feiras.<br \/>\nCaso o projeto de resolu\u00e7\u00e3o seja aprovado, as sess\u00f5es ordin\u00e1rias da C\u00e2mara dever\u00e3o passar a acontecer \u00e0s ter\u00e7as-feiras, a partir das 19 horas.<br \/>\nA justificativa do projeto, de autoria da mesa diretora, diz que \u201ca presente propositura faz-se necess\u00e1ria para melhor funcionamento dos tramites internos da C\u00e2mara Municipal, uma vez que possibilitar\u00e1 maior tempo h\u00e1bil para apresenta\u00e7\u00e3o de proposituras por partes dos vereadores\u201d.<br \/>\nPara que o projeto seja aprovado s\u00e3o necess\u00e1rios os votos da maioria simples, ou seja, sete vereadores precisam votar favor\u00e1vel ao projeto para que ocorra a mudan\u00e7a.<\/p>\n","protected":false},"excerpt":{"rendered":"<p>Na noite desta segunda-feira, 30, os treze vereadores da C\u00e2mara Municipal discutem e votam o Projeto de Resolu\u00e7\u00e3o de n\u00ba 08\/2023 que disp\u00f5e sobre altera\u00e7\u00e3o do dia de realiza\u00e7\u00e3o das sess\u00f5es ordin\u00e1rias, que atualmente ocorrem \u00e0s segundas-feiras. Caso o projeto de resolu\u00e7\u00e3o seja aprovado, as sess\u00f5es ordin\u00e1rias da C\u00e2mara dever\u00e3o passar a acontecer \u00e0s ter\u00e7as-feiras, [&hellip;]<\/p>\n","protected":false},"author":2,"featured_media":285,"comment_status":"open","ping_status":"open","sticky":false,"template":"","format":"standard","meta":{"footnotes":""},"categories":[58],"tags":[],"_links":{"self":[{"href":"https:\/\/sabuguinho.com.br\/site\/wp-json\/wp\/v2\/posts\/284"}],"collection":[{"href":"https:\/\/sabuguinho.com.br\/site\/wp-json\/wp\/v2\/posts"}],"about":[{"href":"https:\/\/sabuguinho.com.br\/site\/wp-json\/wp\/v2\/types\/post"}],"author":[{"embeddable":true,"href":"https:\/\/sabuguinho.com.br\/site\/wp-json\/wp\/v2\/users\/2"}],"replies":[{"embeddable":true,"href":"https:\/\/sabuguinho.com.br\/site\/wp-json\/wp\/v2\/comments?post=284"}],"version-history":[{"count":1,"href":"https:\/\/sabuguinho.com.br\/site\/wp-json\/wp\/v2\/posts\/284\/revisions"}],"predecessor-version":[{"id":286,"href":"https:\/\/sabuguinho.com.br\/site\/wp-json\/wp\/v2\/posts\/284\/revisions\/286"}],"wp:featuredmedia":[{"embeddable":true,"href":"https:\/\/sabuguinho.com.br\/site\/wp-json\/wp\/v2\/media\/285"}],"wp:attachment":[{"href":"https:\/\/sabuguinho.com.br\/site\/wp-json\/wp\/v2\/media?parent=284"}],"wp:term":[{"taxonomy":"category","embeddable":true,"href":"https:\/\/sabuguinho.com.br\/site\/wp-json\/wp\/v2\/categories?post=284"},{"taxonomy":"post_tag","embeddable":true,"href":"https:\/\/sabuguinho.com.br\/site\/wp-json\/wp\/v2\/tags?post=284"}],"curies":[{"name":"wp","href":"https:\/\/api.w.org\/{rel}","templated":true}]}}