{"id":28330,"date":"2025-07-22T13:20:13","date_gmt":"2025-07-22T16:20:13","guid":{"rendered":"https:\/\/sabuguinho.com.br\/site\/?p=28330"},"modified":"2025-07-22T13:20:13","modified_gmt":"2025-07-22T16:20:13","slug":"dona-benta-e-emilia-contam-historias-em-projeto-social-para-criancas","status":"publish","type":"post","link":"https:\/\/sabuguinho.com.br\/site\/dona-benta-e-emilia-contam-historias-em-projeto-social-para-criancas\/","title":{"rendered":"Dona Benta e Em\u00edlia contam hist\u00f3rias em projeto social para crian\u00e7as"},"content":{"rendered":"<p>Teatro infantil que passa pelos Centros de Refer\u00eancia de Assist\u00eancia Social \u00e9 uma parceria entre SEMADS e Cultura<\/p>\n<p>Por: REDA\u00c7\u00c3O | SECOM.<\/p>\n<p>Uma parceria entre as secretarias municipais de Assist\u00eancia e Desenvolvimento Social e da Cultura oferece teatro gratuito a crian\u00e7as atendidas por Centros de Refer\u00eancia de Assist\u00eancia Social (CRAS) de Avar\u00e9.<br \/>\nA pr\u00f3xima edi\u00e7\u00e3o da conta\u00e7\u00e3o de hist\u00f3rias acontece nesta ter\u00e7a-feira, 22, \u00e0s 14h30, no O Bom Samaritano, para o p\u00fablico do CRAS Tropical.<br \/>\nO espet\u00e1culo conta com a presen\u00e7a de Dona Benta e Em\u00edlia, a boneca de pano mais famosa da literatura brasileira.<br \/>\nDepois de ouvir hist\u00f3rias das personagens de Monteiro Lobato, as crian\u00e7as s\u00e3o convidadas para a ca\u00e7a ao P\u00f3 de Pirlimpimpim.<br \/>\nO trabalho \u00e9 conduzido pela atriz Taty Momper, que faz a Dona Benta, e conta com a participa\u00e7\u00e3o de uma pessoa convidada a cada edi\u00e7\u00e3o. Silvia Marques, servidora da Secretaria Municipal de Meio Ambiente, far\u00e1 a Em\u00edlia nesta ter\u00e7a, 22.<br \/>\nO espet\u00e1culo tamb\u00e9m ser\u00e1 apresentado na semana que vem para o p\u00fablico do CRAS Brab\u00e2ncia. Outra edi\u00e7\u00e3o est\u00e1 prevista para ocorrer na Associa\u00e7\u00e3o Esp\u00edrita Arco-\u00edris.<\/p>\n<p><img loading=\"lazy\" decoding=\"async\" src=\"https:\/\/sabuguinho.com.br\/site\/wp-content\/uploads\/2025\/07\/peca-passa-pelos-cras-de-avare-1-150x91.jpg\" alt=\"\" width=\"150\" height=\"91\" class=\"alignnone size-medium wp-image-28331\" srcset=\"https:\/\/sabuguinho.com.br\/site\/wp-content\/uploads\/2025\/07\/peca-passa-pelos-cras-de-avare-1-150x91.jpg 150w, https:\/\/sabuguinho.com.br\/site\/wp-content\/uploads\/2025\/07\/peca-passa-pelos-cras-de-avare-1-512x310.jpg 512w, https:\/\/sabuguinho.com.br\/site\/wp-content\/uploads\/2025\/07\/peca-passa-pelos-cras-de-avare-1-768x465.jpg 768w, https:\/\/sabuguinho.com.br\/site\/wp-content\/uploads\/2025\/07\/peca-passa-pelos-cras-de-avare-1-750x455.jpg 750w, https:\/\/sabuguinho.com.br\/site\/wp-content\/uploads\/2025\/07\/peca-passa-pelos-cras-de-avare-1.jpg 1000w\" sizes=\"(max-width: 150px) 100vw, 150px\" \/><\/p>\n","protected":false},"excerpt":{"rendered":"<p>Teatro infantil que passa pelos Centros de Refer\u00eancia de Assist\u00eancia Social \u00e9 uma parceria entre SEMADS e Cultura Por: REDA\u00c7\u00c3O | SECOM. Uma parceria entre as secretarias municipais de Assist\u00eancia e Desenvolvimento Social e da Cultura oferece teatro gratuito a crian\u00e7as atendidas por Centros de Refer\u00eancia de Assist\u00eancia Social (CRAS) de Avar\u00e9. A pr\u00f3xima edi\u00e7\u00e3o [&hellip;]<\/p>\n","protected":false},"author":2,"featured_media":28332,"comment_status":"open","ping_status":"open","sticky":false,"template":"","format":"standard","meta":{"footnotes":""},"categories":[58],"tags":[],"_links":{"self":[{"href":"https:\/\/sabuguinho.com.br\/site\/wp-json\/wp\/v2\/posts\/28330"}],"collection":[{"href":"https:\/\/sabuguinho.com.br\/site\/wp-json\/wp\/v2\/posts"}],"about":[{"href":"https:\/\/sabuguinho.com.br\/site\/wp-json\/wp\/v2\/types\/post"}],"author":[{"embeddable":true,"href":"https:\/\/sabuguinho.com.br\/site\/wp-json\/wp\/v2\/users\/2"}],"replies":[{"embeddable":true,"href":"https:\/\/sabuguinho.com.br\/site\/wp-json\/wp\/v2\/comments?post=28330"}],"version-history":[{"count":1,"href":"https:\/\/sabuguinho.com.br\/site\/wp-json\/wp\/v2\/posts\/28330\/revisions"}],"predecessor-version":[{"id":28333,"href":"https:\/\/sabuguinho.com.br\/site\/wp-json\/wp\/v2\/posts\/28330\/revisions\/28333"}],"wp:featuredmedia":[{"embeddable":true,"href":"https:\/\/sabuguinho.com.br\/site\/wp-json\/wp\/v2\/media\/28332"}],"wp:attachment":[{"href":"https:\/\/sabuguinho.com.br\/site\/wp-json\/wp\/v2\/media?parent=28330"}],"wp:term":[{"taxonomy":"category","embeddable":true,"href":"https:\/\/sabuguinho.com.br\/site\/wp-json\/wp\/v2\/categories?post=28330"},{"taxonomy":"post_tag","embeddable":true,"href":"https:\/\/sabuguinho.com.br\/site\/wp-json\/wp\/v2\/tags?post=28330"}],"curies":[{"name":"wp","href":"https:\/\/api.w.org\/{rel}","templated":true}]}}