{"id":28320,"date":"2025-07-22T12:48:37","date_gmt":"2025-07-22T15:48:37","guid":{"rendered":"https:\/\/sabuguinho.com.br\/site\/?p=28320"},"modified":"2025-07-22T12:48:37","modified_gmt":"2025-07-22T15:48:37","slug":"avareense-conquista-3o-lugar-em-maratona-de-55-quilometros-em-minas-gerais","status":"publish","type":"post","link":"https:\/\/sabuguinho.com.br\/site\/avareense-conquista-3o-lugar-em-maratona-de-55-quilometros-em-minas-gerais\/","title":{"rendered":"Avareense conquista 3\u00ba lugar em maratona de 55 quil\u00f4metros em Minas Gerais"},"content":{"rendered":"<p>\u201cAlexandre \u201cCaveira\u201d levou nome de Avar\u00e9 ao p\u00f3dio em uma das provas mais desafiadoras do pa\u00eds\u201d, destaca Esporte<\/p>\n<p>Por: REDA\u00c7\u00c3O | SECOM<\/p>\n<p>O atleta avareense Alexandre \u201cCaveira\u201d Saraiva de Oliveira conquistou o 3\u00ba lugar geral na UAI Ultra dos Anjos Internacional, maratona realizada no s\u00e1bado, 19, em Passa Quatro, Minas Gerais.<br \/>\nA prova reuniu mais de 500 atletas de diversos estados brasileiros e at\u00e9 de fora do pa\u00eds. Caveira obteve o resultado na categoria 55 km.<br \/>\nA conquista teve um sabor in\u00e9dito para o atleta avareense, que tem se destacado em maratonas que exigem resist\u00eancia f\u00edsica.<br \/>\n\u201cFoi minha primeira experi\u00eancia em prova autossuficiente, que n\u00e3o permite qualquer tipo de apoio externo durante o trajeto\u201d, explica Caveira, que concluiu o percurso de 55 quil\u00f4metros em 4h55.<br \/>\nA Secretaria Municipal de Esporte e Lazer, que d\u00e1 apoio ao competidor, comemorou mais esse resultado.<br \/>\n\u201cCom estrat\u00e9gia, preparo e apoio, Alexandre Caveira levou o nome de Avar\u00e9 ao p\u00f3dio em uma das provas mais desafiadoras do pa\u00eds\u201d, destaca a pasta.<br \/>\nO atleta agradece ao apoio do munic\u00edpio e do sensei Ricardo Ara\u00fajo, que esteve presente em seu processo de prepara\u00e7\u00e3o e recupera\u00e7\u00e3o.<br \/>\nAlexandre tamb\u00e9m agradeceu ao t\u00e9cnico Rodrigo Frare, \u00e0 Academia Corpo e Sa\u00fade, ao nutricionista Paulo Massud, ao fisioterapeuta Gabriel Ruiz e familiares e amigos, que o motivaram em mais essa conquista.<\/p>\n","protected":false},"excerpt":{"rendered":"<p>\u201cAlexandre \u201cCaveira\u201d levou nome de Avar\u00e9 ao p\u00f3dio em uma das provas mais desafiadoras do pa\u00eds\u201d, destaca Esporte Por: REDA\u00c7\u00c3O | SECOM O atleta avareense Alexandre \u201cCaveira\u201d Saraiva de Oliveira conquistou o 3\u00ba lugar geral na UAI Ultra dos Anjos Internacional, maratona realizada no s\u00e1bado, 19, em Passa Quatro, Minas Gerais. A prova reuniu mais [&hellip;]<\/p>\n","protected":false},"author":2,"featured_media":28324,"comment_status":"open","ping_status":"open","sticky":false,"template":"","format":"standard","meta":{"footnotes":""},"categories":[45],"tags":[],"_links":{"self":[{"href":"https:\/\/sabuguinho.com.br\/site\/wp-json\/wp\/v2\/posts\/28320"}],"collection":[{"href":"https:\/\/sabuguinho.com.br\/site\/wp-json\/wp\/v2\/posts"}],"about":[{"href":"https:\/\/sabuguinho.com.br\/site\/wp-json\/wp\/v2\/types\/post"}],"author":[{"embeddable":true,"href":"https:\/\/sabuguinho.com.br\/site\/wp-json\/wp\/v2\/users\/2"}],"replies":[{"embeddable":true,"href":"https:\/\/sabuguinho.com.br\/site\/wp-json\/wp\/v2\/comments?post=28320"}],"version-history":[{"count":1,"href":"https:\/\/sabuguinho.com.br\/site\/wp-json\/wp\/v2\/posts\/28320\/revisions"}],"predecessor-version":[{"id":28325,"href":"https:\/\/sabuguinho.com.br\/site\/wp-json\/wp\/v2\/posts\/28320\/revisions\/28325"}],"wp:featuredmedia":[{"embeddable":true,"href":"https:\/\/sabuguinho.com.br\/site\/wp-json\/wp\/v2\/media\/28324"}],"wp:attachment":[{"href":"https:\/\/sabuguinho.com.br\/site\/wp-json\/wp\/v2\/media?parent=28320"}],"wp:term":[{"taxonomy":"category","embeddable":true,"href":"https:\/\/sabuguinho.com.br\/site\/wp-json\/wp\/v2\/categories?post=28320"},{"taxonomy":"post_tag","embeddable":true,"href":"https:\/\/sabuguinho.com.br\/site\/wp-json\/wp\/v2\/tags?post=28320"}],"curies":[{"name":"wp","href":"https:\/\/api.w.org\/{rel}","templated":true}]}}