{"id":28251,"date":"2025-07-19T21:13:44","date_gmt":"2025-07-20T00:13:44","guid":{"rendered":"https:\/\/sabuguinho.com.br\/site\/?p=28251"},"modified":"2025-07-19T21:13:44","modified_gmt":"2025-07-20T00:13:44","slug":"botucatu-33-dos-participantes-de-enquete-votariam-em-mario-ielo-para-deputado-federal","status":"publish","type":"post","link":"https:\/\/sabuguinho.com.br\/site\/botucatu-33-dos-participantes-de-enquete-votariam-em-mario-ielo-para-deputado-federal\/","title":{"rendered":"Botucatu: 33% dos participantes de enquete votariam em M\u00e1rio Ielo para Deputado Federal"},"content":{"rendered":"<p>Uma nova enquete realizada durante 24 horas pelo Jornal Leia Not\u00edcias nos stories do Instagram, entre os dias 18 e 19 de julho, revelou a opini\u00e3o dos seguidores sobre uma poss\u00edvel nova candidatura do vereador e ex-prefeito de Botucatu, M\u00e1rio Ielo, ao cargo de Deputado Federal.Local events<br \/>\nA pergunta feita foi: \u201cSe as elei\u00e7\u00f5es fossem hoje, voc\u00ea votaria no vereador e ex-prefeito de Botucatu, M\u00e1rio Ielo, para Deputado Federal?\u201d. Ao todo, 271 pessoas participaram da enquete.<br \/>\nDos votantes, 67% responderam \u201cn\u00e3o\u201d, indicando que n\u00e3o votariam em Ielo. J\u00e1 33% afirmaram que votariam no atual vereador para o cargo.<br \/>\nM\u00e1rio Ielo foi prefeito de Botucatu por dois mandatos consecutivos, de 1997 a 2004. Ele foi candidato a deputado federal em 2022 pelo PDT e obteve 5.796 votos. Atualmente, Ielo cumpre mandato como vereador na C\u00e2mara Municipal de Botucatu.<\/p>\n<p>PARDINI: Em enquete realizada entre os dias 16 e 17 de julho, o ex-prefeito M\u00e1rio Pardini recebeu expressiva aprova\u00e7\u00e3o em uma consulta similar, com 87% de votos favor\u00e1veis \u00e0 sua elei\u00e7\u00e3o como deputado estadual.<br \/>\nAs elei\u00e7\u00f5es ocorrer\u00e3o em outubro de 2026, e o cen\u00e1rio pol\u00edtico at\u00e9 l\u00e1 pode passar por diversas mudan\u00e7as.<br \/>\nAcompanhe mais enquetes e informa\u00e7\u00f5es sobre os bastidores da pol\u00edtica local no Instagram e site do Leia Not\u00edcias.Local events<\/p>\n","protected":false},"excerpt":{"rendered":"<p>Uma nova enquete realizada durante 24 horas pelo Jornal Leia Not\u00edcias nos stories do Instagram, entre os dias 18 e 19 de julho, revelou a opini\u00e3o dos seguidores sobre uma poss\u00edvel nova candidatura do vereador e ex-prefeito de Botucatu, M\u00e1rio Ielo, ao cargo de Deputado Federal.Local events A pergunta feita foi: \u201cSe as elei\u00e7\u00f5es fossem [&hellip;]<\/p>\n","protected":false},"author":2,"featured_media":28252,"comment_status":"open","ping_status":"open","sticky":false,"template":"","format":"standard","meta":{"footnotes":""},"categories":[51],"tags":[],"_links":{"self":[{"href":"https:\/\/sabuguinho.com.br\/site\/wp-json\/wp\/v2\/posts\/28251"}],"collection":[{"href":"https:\/\/sabuguinho.com.br\/site\/wp-json\/wp\/v2\/posts"}],"about":[{"href":"https:\/\/sabuguinho.com.br\/site\/wp-json\/wp\/v2\/types\/post"}],"author":[{"embeddable":true,"href":"https:\/\/sabuguinho.com.br\/site\/wp-json\/wp\/v2\/users\/2"}],"replies":[{"embeddable":true,"href":"https:\/\/sabuguinho.com.br\/site\/wp-json\/wp\/v2\/comments?post=28251"}],"version-history":[{"count":1,"href":"https:\/\/sabuguinho.com.br\/site\/wp-json\/wp\/v2\/posts\/28251\/revisions"}],"predecessor-version":[{"id":28253,"href":"https:\/\/sabuguinho.com.br\/site\/wp-json\/wp\/v2\/posts\/28251\/revisions\/28253"}],"wp:featuredmedia":[{"embeddable":true,"href":"https:\/\/sabuguinho.com.br\/site\/wp-json\/wp\/v2\/media\/28252"}],"wp:attachment":[{"href":"https:\/\/sabuguinho.com.br\/site\/wp-json\/wp\/v2\/media?parent=28251"}],"wp:term":[{"taxonomy":"category","embeddable":true,"href":"https:\/\/sabuguinho.com.br\/site\/wp-json\/wp\/v2\/categories?post=28251"},{"taxonomy":"post_tag","embeddable":true,"href":"https:\/\/sabuguinho.com.br\/site\/wp-json\/wp\/v2\/tags?post=28251"}],"curies":[{"name":"wp","href":"https:\/\/api.w.org\/{rel}","templated":true}]}}