{"id":28232,"date":"2025-07-19T20:04:43","date_gmt":"2025-07-19T23:04:43","guid":{"rendered":"https:\/\/sabuguinho.com.br\/site\/?p=28232"},"modified":"2025-07-19T20:06:23","modified_gmt":"2025-07-19T23:06:23","slug":"28232-2","status":"publish","type":"post","link":"https:\/\/sabuguinho.com.br\/site\/28232-2\/","title":{"rendered":"GENEZ PARIZE MORRE AOS 106 ANOS EM AVAR\u00c9 19 de"},"content":{"rendered":"<p>RMorreu neste s\u00e1bado (19), aos 106 anos, Ant\u00f4nio Genez Parize, uma figura ic\u00f4nica e um dos centen\u00e1rios mais conhecidos do Brasil. Genez, que completaria 107 anos em agosto, faleceu em Avar\u00e9, cidade onde residia desde 1936. A causa da morte n\u00e3o foi divulgada.<br \/>\nNascido em Tiet\u00ea em 1918, Genez Parize teve uma vida not\u00e1vel e multifacetada. Aos 14 anos, participou da Revolu\u00e7\u00e3o de 32 n\u00e3o como combatente, mas como sacrist\u00e3o, auxiliando um padre na b\u00ean\u00e7\u00e3o das tropas.<br \/>\nEm Avar\u00e9, Genez construiu uma carreira diversificada. Foi alfaiate, jornaleiro e, por mais de 60 anos, juiz de paz, celebrando milhares de casamentos e sendo testemunha de in\u00fameras hist\u00f3rias de amor e uni\u00e3o na cidade. Ele era vi\u00favo da pianista Diva Cortez e deixa dois filhos, Maria Diva e Marco Ant\u00f4nio, al\u00e9m de netos e bisnetos, muitos deles residentes nos Estados Unidos, onde seu filho mora desde 1971.<br \/>\nA longevidade e a vitalidade de Genez Parize foram fonte de inspira\u00e7\u00e3o para muitos. Mesmo em idade avan\u00e7ada, ele mantinha uma rotina ativa, apreciando dirigir, pescar, frequentar a academia e sair com amigos. Sua determina\u00e7\u00e3o era tamanha que uma academia local leva seu nome como exemplo. Em 2022, aos 104 anos, fez quest\u00e3o de votar nas elei\u00e7\u00f5es, sendo o eleitor mais velho de Avar\u00e9.<br \/>\nEm 2018, sua rica trajet\u00f3ria foi eternizada no livro \u201cAnt\u00f4nio Genez Parize \u2013 vida e obra de um centen\u00e1rio\u201d, escrito pelo jornalista Fl\u00e1vio Mantovani e publicado pela Editora Gril.<br \/>\nGenez tamb\u00e9m fez parte do Coral Municipal, que lamentou a morte do centen\u00e1rio. \u201cMorre, aos 106 anos, um dos nossos integrantes do Coral Municipal em\u00e9rito. Senhor Genez Parize descanse em paz querido amigo\u201d, publicou Neia Cerri.<br \/>\nAs informa\u00e7\u00f5es sobre o vel\u00f3rio e sepultamento ainda n\u00e3o foram divulgadas pela fam\u00edlia.<\/p>\n<p><img loading=\"lazy\" decoding=\"async\" src=\"https:\/\/sabuguinho.com.br\/site\/wp-content\/uploads\/2025\/07\/Screenshot_10-150x102.png\" alt=\"\" width=\"150\" height=\"102\" class=\"alignnone size-medium wp-image-28233\" srcset=\"https:\/\/sabuguinho.com.br\/site\/wp-content\/uploads\/2025\/07\/Screenshot_10-150x102.png 150w, https:\/\/sabuguinho.com.br\/site\/wp-content\/uploads\/2025\/07\/Screenshot_10-512x350.png 512w, https:\/\/sabuguinho.com.br\/site\/wp-content\/uploads\/2025\/07\/Screenshot_10.png 628w\" sizes=\"(max-width: 150px) 100vw, 150px\" \/><\/p>\n<p><img loading=\"lazy\" decoding=\"async\" src=\"https:\/\/sabuguinho.com.br\/site\/wp-content\/uploads\/2025\/07\/41932691_1989194591144984_7398549082572062720_n-1024x681-1-150x100.jpg\" alt=\"\" width=\"150\" height=\"100\" class=\"alignnone size-medium wp-image-28234\" srcset=\"https:\/\/sabuguinho.com.br\/site\/wp-content\/uploads\/2025\/07\/41932691_1989194591144984_7398549082572062720_n-1024x681-1-150x100.jpg 150w, https:\/\/sabuguinho.com.br\/site\/wp-content\/uploads\/2025\/07\/41932691_1989194591144984_7398549082572062720_n-1024x681-1-512x341.jpg 512w, https:\/\/sabuguinho.com.br\/site\/wp-content\/uploads\/2025\/07\/41932691_1989194591144984_7398549082572062720_n-1024x681-1-768x511.jpg 768w, https:\/\/sabuguinho.com.br\/site\/wp-content\/uploads\/2025\/07\/41932691_1989194591144984_7398549082572062720_n-1024x681-1-750x499.jpg 750w, https:\/\/sabuguinho.com.br\/site\/wp-content\/uploads\/2025\/07\/41932691_1989194591144984_7398549082572062720_n-1024x681-1.jpg 1024w\" sizes=\"(max-width: 150px) 100vw, 150px\" \/><\/p>\n<p><img loading=\"lazy\" decoding=\"async\" src=\"https:\/\/sabuguinho.com.br\/site\/wp-content\/uploads\/2025\/07\/519433033_3164608647035558_2127344429173441889_n-150x94.jpg\" alt=\"\" width=\"150\" height=\"94\" class=\"alignnone size-medium wp-image-28235\" srcset=\"https:\/\/sabuguinho.com.br\/site\/wp-content\/uploads\/2025\/07\/519433033_3164608647035558_2127344429173441889_n-150x94.jpg 150w, https:\/\/sabuguinho.com.br\/site\/wp-content\/uploads\/2025\/07\/519433033_3164608647035558_2127344429173441889_n-512x322.jpg 512w, https:\/\/sabuguinho.com.br\/site\/wp-content\/uploads\/2025\/07\/519433033_3164608647035558_2127344429173441889_n.jpg 750w\" sizes=\"(max-width: 150px) 100vw, 150px\" \/><\/p>\n","protected":false},"excerpt":{"rendered":"<p>RMorreu neste s\u00e1bado (19), aos 106 anos, Ant\u00f4nio Genez Parize, uma figura ic\u00f4nica e um dos centen\u00e1rios mais conhecidos do Brasil. Genez, que completaria 107 anos em agosto, faleceu em Avar\u00e9, cidade onde residia desde 1936. A causa da morte n\u00e3o foi divulgada. Nascido em Tiet\u00ea em 1918, Genez Parize teve uma vida not\u00e1vel e [&hellip;]<\/p>\n","protected":false},"author":2,"featured_media":28236,"comment_status":"open","ping_status":"open","sticky":false,"template":"","format":"standard","meta":{"footnotes":""},"categories":[56],"tags":[],"_links":{"self":[{"href":"https:\/\/sabuguinho.com.br\/site\/wp-json\/wp\/v2\/posts\/28232"}],"collection":[{"href":"https:\/\/sabuguinho.com.br\/site\/wp-json\/wp\/v2\/posts"}],"about":[{"href":"https:\/\/sabuguinho.com.br\/site\/wp-json\/wp\/v2\/types\/post"}],"author":[{"embeddable":true,"href":"https:\/\/sabuguinho.com.br\/site\/wp-json\/wp\/v2\/users\/2"}],"replies":[{"embeddable":true,"href":"https:\/\/sabuguinho.com.br\/site\/wp-json\/wp\/v2\/comments?post=28232"}],"version-history":[{"count":3,"href":"https:\/\/sabuguinho.com.br\/site\/wp-json\/wp\/v2\/posts\/28232\/revisions"}],"predecessor-version":[{"id":28239,"href":"https:\/\/sabuguinho.com.br\/site\/wp-json\/wp\/v2\/posts\/28232\/revisions\/28239"}],"wp:featuredmedia":[{"embeddable":true,"href":"https:\/\/sabuguinho.com.br\/site\/wp-json\/wp\/v2\/media\/28236"}],"wp:attachment":[{"href":"https:\/\/sabuguinho.com.br\/site\/wp-json\/wp\/v2\/media?parent=28232"}],"wp:term":[{"taxonomy":"category","embeddable":true,"href":"https:\/\/sabuguinho.com.br\/site\/wp-json\/wp\/v2\/categories?post=28232"},{"taxonomy":"post_tag","embeddable":true,"href":"https:\/\/sabuguinho.com.br\/site\/wp-json\/wp\/v2\/tags?post=28232"}],"curies":[{"name":"wp","href":"https:\/\/api.w.org\/{rel}","templated":true}]}}