{"id":28175,"date":"2025-07-18T16:07:19","date_gmt":"2025-07-18T19:07:19","guid":{"rendered":"https:\/\/sabuguinho.com.br\/site\/?p=28175"},"modified":"2025-07-18T16:07:19","modified_gmt":"2025-07-18T19:07:19","slug":"saude-farmacia-popular-e-rede-municipal-complementam-oferta-de-medicamentos-a-populacao","status":"publish","type":"post","link":"https:\/\/sabuguinho.com.br\/site\/saude-farmacia-popular-e-rede-municipal-complementam-oferta-de-medicamentos-a-populacao\/","title":{"rendered":"SA\u00daDE  Farm\u00e1cia Popular e rede municipal complementam oferta de medicamentos \u00e0 popula\u00e7\u00e3o"},"content":{"rendered":"<p>F\u00e1rmacos j\u00e1 oferecidos no programa federal n\u00e3o precisam ser adquiridos pelo munic\u00edpio, esclarece Sa\u00fade<\/p>\n<p>Medicamentos para diabetes, asma e hipertens\u00e3o, entre outros, e fraldas podem retirados gratuitamente nas farm\u00e1cias cadastradas ao programa federal Farm\u00e1cia Popular.<br \/>\nO esclarecimento \u00e9 da Secretaria Municipal da Sa\u00fade. A pasta ressalta que os estoques da Rede Municipal de Sa\u00fade, da qual fazem parte a Farm\u00e1cia Central e as farm\u00e1cias de postos, s\u00e3o repostos constantemente.<br \/>\nH\u00e1 situa\u00e7\u00f5es, no entanto, em que o paciente busca especificamente itens j\u00e1 disponibilizados pelo programa Farm\u00e1cia Popular.<br \/>\n\u201cConsiderando o fato de o f\u00e1rmaco j\u00e1 estar dispon\u00edvel na Farm\u00e1cia Popular, n\u00e3o h\u00e1 justificativa para munic\u00edpio comprar o medicamento e mant\u00ea-lo em sua rede\u201d, esclarece o secret\u00e1rio Roslindo Machado.<\/p>\n<p>Onde encontrar<\/p>\n<p>Para que n\u00e3o haja mais d\u00favidas, a lista de medicamentos dispon\u00edvel no Almoxarifado da Sa\u00fade pode ser consultada no link https:\/\/is.gd\/ghLGTY<br \/>\nO Programa Farm\u00e1cia Popular, por sua vez, \u00e9 encontrado em Avar\u00e9 nas redes Drogasil, Drogalar, Drogal e Farm\u00e1cia da UNIMED.<br \/>\nAl\u00e9m de medicamentos, algumas unidades disponibilizam fraldas geri\u00e1tricas mediante receita m\u00e9dica.<br \/>\n\u00c9 importante ressaltar, por\u00e9m, que h\u00e1 uma limita\u00e7\u00e3o di\u00e1ria nas entregas. Mais detalhes sobre as regras do programa podem ser verificadas nas pr\u00f3prias farm\u00e1cias credenciadas ao governo federal.<\/p>\n<p>image<\/p>\n","protected":false},"excerpt":{"rendered":"<p>F\u00e1rmacos j\u00e1 oferecidos no programa federal n\u00e3o precisam ser adquiridos pelo munic\u00edpio, esclarece Sa\u00fade Medicamentos para diabetes, asma e hipertens\u00e3o, entre outros, e fraldas podem retirados gratuitamente nas farm\u00e1cias cadastradas ao programa federal Farm\u00e1cia Popular. O esclarecimento \u00e9 da Secretaria Municipal da Sa\u00fade. A pasta ressalta que os estoques da Rede Municipal de Sa\u00fade, da [&hellip;]<\/p>\n","protected":false},"author":2,"featured_media":28176,"comment_status":"open","ping_status":"open","sticky":false,"template":"","format":"standard","meta":{"footnotes":""},"categories":[58],"tags":[],"_links":{"self":[{"href":"https:\/\/sabuguinho.com.br\/site\/wp-json\/wp\/v2\/posts\/28175"}],"collection":[{"href":"https:\/\/sabuguinho.com.br\/site\/wp-json\/wp\/v2\/posts"}],"about":[{"href":"https:\/\/sabuguinho.com.br\/site\/wp-json\/wp\/v2\/types\/post"}],"author":[{"embeddable":true,"href":"https:\/\/sabuguinho.com.br\/site\/wp-json\/wp\/v2\/users\/2"}],"replies":[{"embeddable":true,"href":"https:\/\/sabuguinho.com.br\/site\/wp-json\/wp\/v2\/comments?post=28175"}],"version-history":[{"count":1,"href":"https:\/\/sabuguinho.com.br\/site\/wp-json\/wp\/v2\/posts\/28175\/revisions"}],"predecessor-version":[{"id":28177,"href":"https:\/\/sabuguinho.com.br\/site\/wp-json\/wp\/v2\/posts\/28175\/revisions\/28177"}],"wp:featuredmedia":[{"embeddable":true,"href":"https:\/\/sabuguinho.com.br\/site\/wp-json\/wp\/v2\/media\/28176"}],"wp:attachment":[{"href":"https:\/\/sabuguinho.com.br\/site\/wp-json\/wp\/v2\/media?parent=28175"}],"wp:term":[{"taxonomy":"category","embeddable":true,"href":"https:\/\/sabuguinho.com.br\/site\/wp-json\/wp\/v2\/categories?post=28175"},{"taxonomy":"post_tag","embeddable":true,"href":"https:\/\/sabuguinho.com.br\/site\/wp-json\/wp\/v2\/tags?post=28175"}],"curies":[{"name":"wp","href":"https:\/\/api.w.org\/{rel}","templated":true}]}}