{"id":28166,"date":"2025-07-18T13:23:24","date_gmt":"2025-07-18T16:23:24","guid":{"rendered":"https:\/\/sabuguinho.com.br\/site\/?p=28166"},"modified":"2025-07-18T13:23:24","modified_gmt":"2025-07-18T16:23:24","slug":"procon-de-avare-esta-atendendo-em-novo-endereco","status":"publish","type":"post","link":"https:\/\/sabuguinho.com.br\/site\/procon-de-avare-esta-atendendo-em-novo-endereco\/","title":{"rendered":"PROCON de Avar\u00e9 est\u00e1 atendendo em novo endere\u00e7o"},"content":{"rendered":"<p>\u00d3rg\u00e3o de defesa do consumidor agora fica na Rua Alagoas, n\u00ba 1070<\/p>\n<p>Por: REDA\u00c7\u00c3O | SECOM.<\/p>\n<p>O PROCON de Avar\u00e9 est\u00e1 atendendo em novo endere\u00e7o. A unidade municipal de prote\u00e7\u00e3o e defesa do consumidor agora funciona na Rua Alagoas, n\u00ba 1070, no centro.<br \/>\nA mudan\u00e7a vai oferecer mais conforto \u00e0 popula\u00e7\u00e3o que busca orienta\u00e7\u00e3o ou deseja registrar reclama\u00e7\u00f5es relacionadas ao consumo.<br \/>\nO atendimento ao p\u00fablico segue de segunda a sexta-feira, das 8h \u00e0s 16h. Outras informa\u00e7\u00f5es pode ser solicitadas pelo e-mail proconmunicipal@avare.sp.gov.br ou pelos telefones (14) 3732-8263 e (14) 3732-8009.<br \/>\n\u201cO PROCON de Avar\u00e9 segue \u00e0 disposi\u00e7\u00e3o da comunidade para garantir os direitos do consumidor com agilidade, orienta\u00e7\u00e3o e suporte jur\u00eddico\u201d, destaca a coordenadora Adelina de Toledo Russo<\/p>\n","protected":false},"excerpt":{"rendered":"<p>\u00d3rg\u00e3o de defesa do consumidor agora fica na Rua Alagoas, n\u00ba 1070 Por: REDA\u00c7\u00c3O | SECOM. O PROCON de Avar\u00e9 est\u00e1 atendendo em novo endere\u00e7o. A unidade municipal de prote\u00e7\u00e3o e defesa do consumidor agora funciona na Rua Alagoas, n\u00ba 1070, no centro. A mudan\u00e7a vai oferecer mais conforto \u00e0 popula\u00e7\u00e3o que busca orienta\u00e7\u00e3o ou [&hellip;]<\/p>\n","protected":false},"author":2,"featured_media":28167,"comment_status":"open","ping_status":"open","sticky":false,"template":"","format":"standard","meta":{"footnotes":""},"categories":[58],"tags":[],"_links":{"self":[{"href":"https:\/\/sabuguinho.com.br\/site\/wp-json\/wp\/v2\/posts\/28166"}],"collection":[{"href":"https:\/\/sabuguinho.com.br\/site\/wp-json\/wp\/v2\/posts"}],"about":[{"href":"https:\/\/sabuguinho.com.br\/site\/wp-json\/wp\/v2\/types\/post"}],"author":[{"embeddable":true,"href":"https:\/\/sabuguinho.com.br\/site\/wp-json\/wp\/v2\/users\/2"}],"replies":[{"embeddable":true,"href":"https:\/\/sabuguinho.com.br\/site\/wp-json\/wp\/v2\/comments?post=28166"}],"version-history":[{"count":1,"href":"https:\/\/sabuguinho.com.br\/site\/wp-json\/wp\/v2\/posts\/28166\/revisions"}],"predecessor-version":[{"id":28168,"href":"https:\/\/sabuguinho.com.br\/site\/wp-json\/wp\/v2\/posts\/28166\/revisions\/28168"}],"wp:featuredmedia":[{"embeddable":true,"href":"https:\/\/sabuguinho.com.br\/site\/wp-json\/wp\/v2\/media\/28167"}],"wp:attachment":[{"href":"https:\/\/sabuguinho.com.br\/site\/wp-json\/wp\/v2\/media?parent=28166"}],"wp:term":[{"taxonomy":"category","embeddable":true,"href":"https:\/\/sabuguinho.com.br\/site\/wp-json\/wp\/v2\/categories?post=28166"},{"taxonomy":"post_tag","embeddable":true,"href":"https:\/\/sabuguinho.com.br\/site\/wp-json\/wp\/v2\/tags?post=28166"}],"curies":[{"name":"wp","href":"https:\/\/api.w.org\/{rel}","templated":true}]}}