{"id":28152,"date":"2025-07-18T12:51:22","date_gmt":"2025-07-18T15:51:22","guid":{"rendered":"https:\/\/sabuguinho.com.br\/site\/?p=28152"},"modified":"2025-07-18T12:51:22","modified_gmt":"2025-07-18T15:51:22","slug":"pf-cumpre-mandados-na-casa-de-jair-bolsonaro-que-usara-tornozeleira","status":"publish","type":"post","link":"https:\/\/sabuguinho.com.br\/site\/pf-cumpre-mandados-na-casa-de-jair-bolsonaro-que-usara-tornozeleira\/","title":{"rendered":"PF cumpre mandados na casa de Jair Bolsonaro, que usar\u00e1 tornozeleira"},"content":{"rendered":"<p>A Pol\u00edcia Federal cumpre na manh\u00e3 desta sexta-feira (18) dois mandados de busca e apreens\u00e3o em endere\u00e7os relacionados ao ex-presidente Jair Bolsonaro.<br \/>\nEle foi conduzido \u00e0 Secretaria de Estado de Administra\u00e7\u00e3o Penitenci\u00e1ria para colocar tornozeleira eletr\u00f4nica.<br \/>\nPela decis\u00e3o, Bolsonaro, al\u00e9m de precisar usar tornozeleira, est\u00e1 proibido de utilizar as redes sociais.<br \/>\nEle precisar\u00e1 ficar em casa entre as 19h e as 7h, al\u00e9m de estar proibido de se comunicar com outros r\u00e9us ou com embaixadores e diplomatas de outros pa\u00edses. Al\u00e9m disso, n\u00e3o poder\u00e1 se ausentar da comarca do DF.<br \/>\nO ex-presidente j\u00e1 teve o passaporte apreendido em fevereiro de 2024.<\/p>\n<p>Defesa<\/p>\n<p>Em nota, a defesa do ex-presidente afirmou ter recebido \u201ccom surpresa e indigna\u00e7\u00e3o\u201d a aplica\u00e7\u00e3o de tais medidas cautelares.<br \/>\n\u201cA defesa do ex-Presidente Jair Bolsonaro recebeu com surpresa e indigna\u00e7\u00e3o a imposi\u00e7\u00e3o de medidas cautelares severas contra ele, que at\u00e9 o presente momento sempre cumpriu com todas as determina\u00e7\u00f5es do Poder Judici\u00e1rio. A defesa ir\u00e1 se manifestar oportunamente, ap\u00f3s conhecer a decis\u00e3o judicial\u201d.<br \/>\nEm post publicado nas redes sociais o Partido Liberal (PL) na C\u00e2mara, deputado S\u00f3stenes Cavalcante, lamentou a decis\u00e3o da Justi\u00e7a que determina o uso da tornozeleira eletr\u00f4nica.<br \/>\nO PL tamb\u00e9m divulgou nota e manifestou \u201cestranheza e rep\u00fadio\u201d diante da opera\u00e7\u00e3o da PF. Segundo a nota, assinada pelo presidente do partido, Valdemar Costa Neto, Jair Bolsonaro \u201csempre esteve \u00e0 disposi\u00e7\u00e3o das autoridades\u201d.<br \/>\nA deflagra\u00e7\u00e3o da opera\u00e7\u00e3o foi informada em uma nota curta pela PF, divulgada nesta sexta-feira (18).<br \/>\nDe acordo com a nota, \u201cdois mandados de busca e apreens\u00e3o, al\u00e9m de medidas cautelares diversas da pris\u00e3o, em cumprimento a decis\u00e3o do Supremo Tribunal Federal, no \u00e2mbito da PET n.\u00ba 14129\u201d.<\/p>\n<p>Com Ag\u00eancia Brasil<\/p>\n","protected":false},"excerpt":{"rendered":"<p>A Pol\u00edcia Federal cumpre na manh\u00e3 desta sexta-feira (18) dois mandados de busca e apreens\u00e3o em endere\u00e7os relacionados ao ex-presidente Jair Bolsonaro. Ele foi conduzido \u00e0 Secretaria de Estado de Administra\u00e7\u00e3o Penitenci\u00e1ria para colocar tornozeleira eletr\u00f4nica. Pela decis\u00e3o, Bolsonaro, al\u00e9m de precisar usar tornozeleira, est\u00e1 proibido de utilizar as redes sociais. Ele precisar\u00e1 ficar em [&hellip;]<\/p>\n","protected":false},"author":2,"featured_media":28153,"comment_status":"open","ping_status":"open","sticky":false,"template":"","format":"standard","meta":{"footnotes":""},"categories":[1],"tags":[],"class_list":["post-28152","post","type-post","status-publish","format-standard","has-post-thumbnail","hentry","category-politicas-em-geral"],"_links":{"self":[{"href":"https:\/\/sabuguinho.com.br\/site\/wp-json\/wp\/v2\/posts\/28152","targetHints":{"allow":["GET"]}}],"collection":[{"href":"https:\/\/sabuguinho.com.br\/site\/wp-json\/wp\/v2\/posts"}],"about":[{"href":"https:\/\/sabuguinho.com.br\/site\/wp-json\/wp\/v2\/types\/post"}],"author":[{"embeddable":true,"href":"https:\/\/sabuguinho.com.br\/site\/wp-json\/wp\/v2\/users\/2"}],"replies":[{"embeddable":true,"href":"https:\/\/sabuguinho.com.br\/site\/wp-json\/wp\/v2\/comments?post=28152"}],"version-history":[{"count":1,"href":"https:\/\/sabuguinho.com.br\/site\/wp-json\/wp\/v2\/posts\/28152\/revisions"}],"predecessor-version":[{"id":28154,"href":"https:\/\/sabuguinho.com.br\/site\/wp-json\/wp\/v2\/posts\/28152\/revisions\/28154"}],"wp:featuredmedia":[{"embeddable":true,"href":"https:\/\/sabuguinho.com.br\/site\/wp-json\/wp\/v2\/media\/28153"}],"wp:attachment":[{"href":"https:\/\/sabuguinho.com.br\/site\/wp-json\/wp\/v2\/media?parent=28152"}],"wp:term":[{"taxonomy":"category","embeddable":true,"href":"https:\/\/sabuguinho.com.br\/site\/wp-json\/wp\/v2\/categories?post=28152"},{"taxonomy":"post_tag","embeddable":true,"href":"https:\/\/sabuguinho.com.br\/site\/wp-json\/wp\/v2\/tags?post=28152"}],"curies":[{"name":"wp","href":"https:\/\/api.w.org\/{rel}","templated":true}]}}