{"id":28145,"date":"2025-07-18T12:45:52","date_gmt":"2025-07-18T15:45:52","guid":{"rendered":"https:\/\/sabuguinho.com.br\/site\/?p=28145"},"modified":"2025-07-18T12:45:52","modified_gmt":"2025-07-18T15:45:52","slug":"avare-policia-civil-captura-condenado-por-estupro-de-vulneravel-internado-no-pronto-socorro","status":"publish","type":"post","link":"https:\/\/sabuguinho.com.br\/site\/avare-policia-civil-captura-condenado-por-estupro-de-vulneravel-internado-no-pronto-socorro\/","title":{"rendered":"AVAR\u00c9 &#8211;   Pol\u00edcia Civil captura condenado por estupro de vulner\u00e1vel internado no Pronto Socorro"},"content":{"rendered":"<p>A Pol\u00edcia Civil, por meio da Delegacia de Defesa da Mulher (DDM), realizou, na manh\u00e3 desta quinta-feira, dia 17\/7\/25, em Avar\u00e9, a captura de um homem condenado a 20 anos de pris\u00e3o pelo crime de estupro de vulner\u00e1vel. A pris\u00e3o ocorreu no interior do Pronto Socorro Municipal, onde o sentenciado encontrava-se internado sob cuidados m\u00e9dicos.<br \/>\nO mandado de pris\u00e3o definitiva, expedido pela 2\u00aa Vara Criminal da Comarca de Avar\u00e9, teve como base decis\u00e3o transitada em julgado, que reconheceu a pr\u00e1tica de atos libidinosos contra uma crian\u00e7a. O crime foi apurado por meio de inqu\u00e9rito policial instaurado pela DDM, ap\u00f3s den\u00fancias de familiares e manifesta\u00e7\u00e3o do Conselho Tutelar.<br \/>\nAs investiga\u00e7\u00f5es apontaram que os abusos teriam sido praticados de forma cont\u00ednua, por um per\u00edodo de aproximadamente dois anos, no interior da resid\u00eancia do autor, situada no bairro Jardim Para\u00edso. Os atos, segundo os relatos, ocorreram no contexto familiar, configurando-se como crime de estupro de vulner\u00e1vel, tipificado no artigo 217-A do C\u00f3digo Penal.<br \/>\nA v\u00edtima, neta do condenado, inicialmente demonstrou resist\u00eancia em relatar os fatos, mas, encorajada por colegas e por funcion\u00e1rios da escola que frequentava, decidiu compartilhar sua hist\u00f3ria com o Conselho Tutelar, que imediatamente acionou a Pol\u00edcia Civil. A partir da\u00ed, a autoridade policial respons\u00e1vel instaurou o inqu\u00e9rito e colheu diversos depoimentos, inclusive da genitora da menor e de outras testemunhas, bem como procedeu \u00e0 escuta especializada da v\u00edtima.<br \/>\nCom a conclus\u00e3o do inqu\u00e9rito, o Minist\u00e9rio P\u00fablico ofereceu den\u00fancia \u00e0 Justi\u00e7a, e o r\u00e9u, ap\u00f3s tramita\u00e7\u00e3o regular do processo criminal, foi condenado em senten\u00e7a definitiva \u00e0 pena de 20 anos de reclus\u00e3o em regime fechado. Desde ent\u00e3o, era considerado procurado pela Justi\u00e7a, at\u00e9 ser localizado e identificado pelos policiais civis, j\u00e1 hospitalizado.<br \/>\nA captura foi formalizada por policiais da DDM, que se dirigiram ao Pronto Socorro da cidade ap\u00f3s tomarem ci\u00eancia de que o condenado estava internado. A cust\u00f3dia inicial foi realizada pelos policiais civis, que permaneceram de prontid\u00e3o no local para garantir o cumprimento da ordem judicial.<br \/>\nPosteriormente, a escolta foi transferida \u00e0 Pol\u00edcia Militar, que assumiu a vigil\u00e2ncia do preso at\u00e9 que ele receba alta m\u00e9dica. Assim que houver libera\u00e7\u00e3o hospitalar, ele ser\u00e1 encaminhado ao sistema penitenci\u00e1rio, onde dever\u00e1 iniciar o cumprimento de sua pena em estabelecimento prisional apropriado.<\/p>\n","protected":false},"excerpt":{"rendered":"<p>A Pol\u00edcia Civil, por meio da Delegacia de Defesa da Mulher (DDM), realizou, na manh\u00e3 desta quinta-feira, dia 17\/7\/25, em Avar\u00e9, a captura de um homem condenado a 20 anos de pris\u00e3o pelo crime de estupro de vulner\u00e1vel. A pris\u00e3o ocorreu no interior do Pronto Socorro Municipal, onde o sentenciado encontrava-se internado sob cuidados m\u00e9dicos. [&hellip;]<\/p>\n","protected":false},"author":2,"featured_media":28148,"comment_status":"open","ping_status":"open","sticky":false,"template":"","format":"standard","meta":{"footnotes":""},"categories":[52],"tags":[],"class_list":["post-28145","post","type-post","status-publish","format-standard","has-post-thumbnail","hentry","category-policiais"],"_links":{"self":[{"href":"https:\/\/sabuguinho.com.br\/site\/wp-json\/wp\/v2\/posts\/28145","targetHints":{"allow":["GET"]}}],"collection":[{"href":"https:\/\/sabuguinho.com.br\/site\/wp-json\/wp\/v2\/posts"}],"about":[{"href":"https:\/\/sabuguinho.com.br\/site\/wp-json\/wp\/v2\/types\/post"}],"author":[{"embeddable":true,"href":"https:\/\/sabuguinho.com.br\/site\/wp-json\/wp\/v2\/users\/2"}],"replies":[{"embeddable":true,"href":"https:\/\/sabuguinho.com.br\/site\/wp-json\/wp\/v2\/comments?post=28145"}],"version-history":[{"count":1,"href":"https:\/\/sabuguinho.com.br\/site\/wp-json\/wp\/v2\/posts\/28145\/revisions"}],"predecessor-version":[{"id":28149,"href":"https:\/\/sabuguinho.com.br\/site\/wp-json\/wp\/v2\/posts\/28145\/revisions\/28149"}],"wp:featuredmedia":[{"embeddable":true,"href":"https:\/\/sabuguinho.com.br\/site\/wp-json\/wp\/v2\/media\/28148"}],"wp:attachment":[{"href":"https:\/\/sabuguinho.com.br\/site\/wp-json\/wp\/v2\/media?parent=28145"}],"wp:term":[{"taxonomy":"category","embeddable":true,"href":"https:\/\/sabuguinho.com.br\/site\/wp-json\/wp\/v2\/categories?post=28145"},{"taxonomy":"post_tag","embeddable":true,"href":"https:\/\/sabuguinho.com.br\/site\/wp-json\/wp\/v2\/tags?post=28145"}],"curies":[{"name":"wp","href":"https:\/\/api.w.org\/{rel}","templated":true}]}}