{"id":28041,"date":"2025-07-17T14:09:27","date_gmt":"2025-07-17T17:09:27","guid":{"rendered":"https:\/\/sabuguinho.com.br\/site\/?p=28041"},"modified":"2025-07-17T14:09:27","modified_gmt":"2025-07-17T17:09:27","slug":"carreta-carregada-com-laranjas-tomba-em-rotatoria-da-sp-245-em-avare","status":"publish","type":"post","link":"https:\/\/sabuguinho.com.br\/site\/carreta-carregada-com-laranjas-tomba-em-rotatoria-da-sp-245-em-avare\/","title":{"rendered":"CARRETA CARREGADA COM LARANJAS TOMBA EM ROTAT\u00d3RIA DA SP-245 EM AVAR\u00c9"},"content":{"rendered":"<p>Uma carreta carregada com laranjas tombou na manh\u00e3 desta quinta-feira (17) na Rodovia Salim Curiati (SP-245), em Avar\u00e9. O acidente ocorreu em uma rotat\u00f3ria pr\u00f3xima \u00e0 empresa Mellita, no sentido Avar\u00e9.<br \/>\nDe acordo com as primeiras informa\u00e7\u00f5es, o motorista perdeu o controle do ve\u00edculo, resultando no tombamento. A carreta ficou atravessada na pista, e a carga espalhada na via, causando a interdi\u00e7\u00e3o parcial e impactando o fluxo de ve\u00edculos na regi\u00e3o.<br \/>\nEquipes da Pol\u00edcia Rodovi\u00e1ria e do Corpo de Bombeiros foram deslocadas at\u00e9 o local para atender a ocorr\u00eancia. O motorista sofreu ferimentos leves e se recusou a atendimento m\u00e9dico.<br \/>\nAs autoridades competentes dever\u00e3o investigar as causas do acidente para determinar os fatores que levaram ao tombamento da carreta.<\/p>\n","protected":false},"excerpt":{"rendered":"<p>Uma carreta carregada com laranjas tombou na manh\u00e3 desta quinta-feira (17) na Rodovia Salim Curiati (SP-245), em Avar\u00e9. O acidente ocorreu em uma rotat\u00f3ria pr\u00f3xima \u00e0 empresa Mellita, no sentido Avar\u00e9. De acordo com as primeiras informa\u00e7\u00f5es, o motorista perdeu o controle do ve\u00edculo, resultando no tombamento. A carreta ficou atravessada na pista, e a [&hellip;]<\/p>\n","protected":false},"author":2,"featured_media":28039,"comment_status":"open","ping_status":"open","sticky":false,"template":"","format":"standard","meta":{"footnotes":""},"categories":[52],"tags":[],"class_list":["post-28041","post","type-post","status-publish","format-standard","has-post-thumbnail","hentry","category-policiais"],"_links":{"self":[{"href":"https:\/\/sabuguinho.com.br\/site\/wp-json\/wp\/v2\/posts\/28041","targetHints":{"allow":["GET"]}}],"collection":[{"href":"https:\/\/sabuguinho.com.br\/site\/wp-json\/wp\/v2\/posts"}],"about":[{"href":"https:\/\/sabuguinho.com.br\/site\/wp-json\/wp\/v2\/types\/post"}],"author":[{"embeddable":true,"href":"https:\/\/sabuguinho.com.br\/site\/wp-json\/wp\/v2\/users\/2"}],"replies":[{"embeddable":true,"href":"https:\/\/sabuguinho.com.br\/site\/wp-json\/wp\/v2\/comments?post=28041"}],"version-history":[{"count":1,"href":"https:\/\/sabuguinho.com.br\/site\/wp-json\/wp\/v2\/posts\/28041\/revisions"}],"predecessor-version":[{"id":28044,"href":"https:\/\/sabuguinho.com.br\/site\/wp-json\/wp\/v2\/posts\/28041\/revisions\/28044"}],"wp:featuredmedia":[{"embeddable":true,"href":"https:\/\/sabuguinho.com.br\/site\/wp-json\/wp\/v2\/media\/28039"}],"wp:attachment":[{"href":"https:\/\/sabuguinho.com.br\/site\/wp-json\/wp\/v2\/media?parent=28041"}],"wp:term":[{"taxonomy":"category","embeddable":true,"href":"https:\/\/sabuguinho.com.br\/site\/wp-json\/wp\/v2\/categories?post=28041"},{"taxonomy":"post_tag","embeddable":true,"href":"https:\/\/sabuguinho.com.br\/site\/wp-json\/wp\/v2\/tags?post=28041"}],"curies":[{"name":"wp","href":"https:\/\/api.w.org\/{rel}","templated":true}]}}