{"id":27997,"date":"2025-07-17T12:18:51","date_gmt":"2025-07-17T15:18:51","guid":{"rendered":"https:\/\/sabuguinho.com.br\/site\/?p=27997"},"modified":"2025-07-17T12:21:44","modified_gmt":"2025-07-17T15:21:44","slug":"cemiterio-de-avare-fecha-para-dedetizacao-na-manha-de-terca-feira-22","status":"publish","type":"post","link":"https:\/\/sabuguinho.com.br\/site\/cemiterio-de-avare-fecha-para-dedetizacao-na-manha-de-terca-feira-22\/","title":{"rendered":"Cemit\u00e9rio de Avar\u00e9 fecha para dedetiza\u00e7\u00e3o na manh\u00e3 de ter\u00e7a-feira, 22"},"content":{"rendered":"<p>Objetivo \u00e9 garantir seguran\u00e7a sanit\u00e1ria do espa\u00e7o, que ser\u00e1 reaberto ao p\u00fablico ao meio-dia<\/p>\n<p>Por: REDA\u00c7\u00c3O | SECOM.<\/p>\n<p>O Cemit\u00e9rio Municipal de Avar\u00e9 ficar\u00e1 fechado para dedetiza\u00e7\u00e3o na manh\u00e3 de ter\u00e7a-feira, 22, das 7h \u00e0s 12 horas.<br \/>\nO espa\u00e7o ser\u00e1 reaberto para visita\u00e7\u00e3o p\u00fablica ap\u00f3s esse per\u00edodo. \u201cO objetivo \u00e9 garantir a seguran\u00e7a sanit\u00e1ria do espa\u00e7o, prevenindo a prolifera\u00e7\u00e3o de insetos e outros vetores que possam comprometer a sa\u00fade p\u00fablica\u201d, destaca a Prefeitura da Est\u00e2ncia Tur\u00edstica de Avar\u00e9.<br \/>\nEsta \u00e9 mais uma etapa da dedetiza\u00e7\u00e3o do local promovida pelo munic\u00edpio. A primeira foi realizada em maio.<br \/>\nO local p\u00fablico vai passar por nova dedetiza\u00e7\u00e3o em agosto, em data que ser\u00e1 previamente comunicada \u00e0 popula\u00e7\u00e3o.<\/p>\n","protected":false},"excerpt":{"rendered":"<p>Objetivo \u00e9 garantir seguran\u00e7a sanit\u00e1ria do espa\u00e7o, que ser\u00e1 reaberto ao p\u00fablico ao meio-dia Por: REDA\u00c7\u00c3O | SECOM. O Cemit\u00e9rio Municipal de Avar\u00e9 ficar\u00e1 fechado para dedetiza\u00e7\u00e3o na manh\u00e3 de ter\u00e7a-feira, 22, das 7h \u00e0s 12 horas. O espa\u00e7o ser\u00e1 reaberto para visita\u00e7\u00e3o p\u00fablica ap\u00f3s esse per\u00edodo. \u201cO objetivo \u00e9 garantir a seguran\u00e7a sanit\u00e1ria do [&hellip;]<\/p>\n","protected":false},"author":2,"featured_media":27998,"comment_status":"open","ping_status":"open","sticky":false,"template":"","format":"standard","meta":{"footnotes":""},"categories":[58],"tags":[],"class_list":["post-27997","post","type-post","status-publish","format-standard","has-post-thumbnail","hentry","category-noticias-locais"],"_links":{"self":[{"href":"https:\/\/sabuguinho.com.br\/site\/wp-json\/wp\/v2\/posts\/27997","targetHints":{"allow":["GET"]}}],"collection":[{"href":"https:\/\/sabuguinho.com.br\/site\/wp-json\/wp\/v2\/posts"}],"about":[{"href":"https:\/\/sabuguinho.com.br\/site\/wp-json\/wp\/v2\/types\/post"}],"author":[{"embeddable":true,"href":"https:\/\/sabuguinho.com.br\/site\/wp-json\/wp\/v2\/users\/2"}],"replies":[{"embeddable":true,"href":"https:\/\/sabuguinho.com.br\/site\/wp-json\/wp\/v2\/comments?post=27997"}],"version-history":[{"count":1,"href":"https:\/\/sabuguinho.com.br\/site\/wp-json\/wp\/v2\/posts\/27997\/revisions"}],"predecessor-version":[{"id":27999,"href":"https:\/\/sabuguinho.com.br\/site\/wp-json\/wp\/v2\/posts\/27997\/revisions\/27999"}],"wp:featuredmedia":[{"embeddable":true,"href":"https:\/\/sabuguinho.com.br\/site\/wp-json\/wp\/v2\/media\/27998"}],"wp:attachment":[{"href":"https:\/\/sabuguinho.com.br\/site\/wp-json\/wp\/v2\/media?parent=27997"}],"wp:term":[{"taxonomy":"category","embeddable":true,"href":"https:\/\/sabuguinho.com.br\/site\/wp-json\/wp\/v2\/categories?post=27997"},{"taxonomy":"post_tag","embeddable":true,"href":"https:\/\/sabuguinho.com.br\/site\/wp-json\/wp\/v2\/tags?post=27997"}],"curies":[{"name":"wp","href":"https:\/\/api.w.org\/{rel}","templated":true}]}}