{"id":27992,"date":"2025-07-17T12:06:38","date_gmt":"2025-07-17T15:06:38","guid":{"rendered":"https:\/\/sabuguinho.com.br\/site\/?p=27992"},"modified":"2025-07-17T12:06:38","modified_gmt":"2025-07-17T15:06:38","slug":"lago-bertha-bannwart-recebe-evento-de-pesca-no-dia-dos-pais","status":"publish","type":"post","link":"https:\/\/sabuguinho.com.br\/site\/lago-bertha-bannwart-recebe-evento-de-pesca-no-dia-dos-pais\/","title":{"rendered":"Lago Bertha Bannwart recebe evento de pesca no Dia dos Pais"},"content":{"rendered":"<p>Com ampla programa\u00e7\u00e3o, atra\u00e7\u00e3o da Secretaria Municipal de Turismo acontece entre 9 e 10 de agosto<\/p>\n<p>Por: REDA\u00c7\u00c3O | SECOM<\/p>\n<p>O Dia dos Pais ser\u00e1 comemorado em Avar\u00e9 com um evento de pesca que acontece entre 9 e 10 de agosto no lago Bertha Bannwart.<br \/>\nCom ampla programa\u00e7\u00e3o, a atra\u00e7\u00e3o \u00e9 uma realiza\u00e7\u00e3o da Prefeitura da Est\u00e2ncia Tur\u00edstica de Avar\u00e9, por meio da Secretaria Municipal de Turismo.<br \/>\nToda a popula\u00e7\u00e3o avareense est\u00e1 convidada. \u201cTraga sua fam\u00edlia para passar um fim de semana agrad\u00e1vel e comemorar o Dia dos Pais\u201d, convida a pasta.<br \/>\nO objetivo \u00e9 valorizar o turismo local e oferecer entretenimento ao p\u00fablico em um tradicional ponto de encontro da est\u00e2ncia tur\u00edstica.<\/p>\n<p>Programa\u00e7\u00e3o<\/p>\n<p>A programa\u00e7\u00e3o vai contar com atra\u00e7\u00f5es para toda a fam\u00edlia. Al\u00e9m da tradicional pesca, com pr\u00e9via soltura de peixes no lago, o evento inclui shows musicais e pra\u00e7a de alimenta\u00e7\u00e3o.<br \/>\nTamb\u00e9m ser\u00e3o atra\u00e7\u00e3o os voos panor\u00e2micos de helic\u00f3ptero que ser\u00e3o vendidos aos interessados por uma empresa parceira do evento.<\/p>\n","protected":false},"excerpt":{"rendered":"<p>Com ampla programa\u00e7\u00e3o, atra\u00e7\u00e3o da Secretaria Municipal de Turismo acontece entre 9 e 10 de agosto Por: REDA\u00c7\u00c3O | SECOM O Dia dos Pais ser\u00e1 comemorado em Avar\u00e9 com um evento de pesca que acontece entre 9 e 10 de agosto no lago Bertha Bannwart. Com ampla programa\u00e7\u00e3o, a atra\u00e7\u00e3o \u00e9 uma realiza\u00e7\u00e3o da Prefeitura [&hellip;]<\/p>\n","protected":false},"author":2,"featured_media":27993,"comment_status":"open","ping_status":"open","sticky":false,"template":"","format":"standard","meta":{"footnotes":""},"categories":[1],"tags":[],"class_list":["post-27992","post","type-post","status-publish","format-standard","has-post-thumbnail","hentry","category-politicas-em-geral"],"_links":{"self":[{"href":"https:\/\/sabuguinho.com.br\/site\/wp-json\/wp\/v2\/posts\/27992","targetHints":{"allow":["GET"]}}],"collection":[{"href":"https:\/\/sabuguinho.com.br\/site\/wp-json\/wp\/v2\/posts"}],"about":[{"href":"https:\/\/sabuguinho.com.br\/site\/wp-json\/wp\/v2\/types\/post"}],"author":[{"embeddable":true,"href":"https:\/\/sabuguinho.com.br\/site\/wp-json\/wp\/v2\/users\/2"}],"replies":[{"embeddable":true,"href":"https:\/\/sabuguinho.com.br\/site\/wp-json\/wp\/v2\/comments?post=27992"}],"version-history":[{"count":1,"href":"https:\/\/sabuguinho.com.br\/site\/wp-json\/wp\/v2\/posts\/27992\/revisions"}],"predecessor-version":[{"id":27994,"href":"https:\/\/sabuguinho.com.br\/site\/wp-json\/wp\/v2\/posts\/27992\/revisions\/27994"}],"wp:featuredmedia":[{"embeddable":true,"href":"https:\/\/sabuguinho.com.br\/site\/wp-json\/wp\/v2\/media\/27993"}],"wp:attachment":[{"href":"https:\/\/sabuguinho.com.br\/site\/wp-json\/wp\/v2\/media?parent=27992"}],"wp:term":[{"taxonomy":"category","embeddable":true,"href":"https:\/\/sabuguinho.com.br\/site\/wp-json\/wp\/v2\/categories?post=27992"},{"taxonomy":"post_tag","embeddable":true,"href":"https:\/\/sabuguinho.com.br\/site\/wp-json\/wp\/v2\/tags?post=27992"}],"curies":[{"name":"wp","href":"https:\/\/api.w.org\/{rel}","templated":true}]}}