{"id":27956,"date":"2025-07-16T16:23:33","date_gmt":"2025-07-16T19:23:33","guid":{"rendered":"https:\/\/sabuguinho.com.br\/site\/?p=27956"},"modified":"2025-07-16T16:26:37","modified_gmt":"2025-07-16T19:26:37","slug":"avare-homem-de-34-anos-e-preso-em-flagrante-por-ameacar-ex-companheira-e-descumprir-medida-protetiva","status":"publish","type":"post","link":"https:\/\/sabuguinho.com.br\/site\/avare-homem-de-34-anos-e-preso-em-flagrante-por-ameacar-ex-companheira-e-descumprir-medida-protetiva\/","title":{"rendered":"AVAR\u00c9 &#8211;    Homem de 34 anos \u00e9 preso em flagrante por amea\u00e7ar ex-companheira e descumprir medida protetiva"},"content":{"rendered":"<p>Na tarde desta quarta-feira, dia 16 de julho de 2025, a Pol\u00edcia Civil de Avar\u00e9, por meio da Delegacia de Defesa da Mulher, prendeu em flagrante um homem de 34 anos, acusado de descumprir medida protetiva e amea\u00e7ar de morte sua ex-companheira, de 35 anos, e o atual companheiro dela, de 40 anos.<br \/>\nA ocorr\u00eancia foi registrada ap\u00f3s os policiais civis serem acionados pelas v\u00edtimas, que relataram terem sido abordadas pelo agressor na resid\u00eancia da mulher, no bairro Jardim Rino e Rino. Segundo os relatos, o autor, que portava uma faca, dirigiu amea\u00e7as graves aos dois, mesmo ciente da exist\u00eancia de medidas protetivas que lhe proibiam de se aproximar da ex-companheira.<br \/>\nOs policiais localizaram o indiv\u00edduo nas proximidades e o conduziram imediatamente ao Plant\u00e3o Policial. A v\u00edtima afirmou que esta foi a segunda vez que sofreu amea\u00e7as do ex-companheiro, com quem tem tr\u00eas filhos menores. O atual namorado confirmou a vers\u00e3o dos fatos, e os policiais que atenderam a ocorr\u00eancia testemunharam parte da a\u00e7\u00e3o.<br \/>\nO autor admitiu ter ido at\u00e9 a resid\u00eancia da v\u00edtima, alegando tratar de assuntos relacionados \u00e0 filha, mas negou estar armado ou ter feito amea\u00e7as. Ap\u00f3s an\u00e1lise dos elementos apresentados, o delegado de pol\u00edcia de plant\u00e3o entendeu estarem presentes os requisitos para a pris\u00e3o em flagrante pelos crimes de amea\u00e7a e descumprimento de medida protetiva, com base na Lei Maria da Penha (Lei 11.340\/06) e no artigo 147 do C\u00f3digo Penal.<br \/>\nA autoridade policial tamb\u00e9m representou pela pris\u00e3o preventiva do acusado, considerando o risco \u00e0 integridade f\u00edsica da v\u00edtima e o hist\u00f3rico de viol\u00eancia dom\u00e9stica. Consta nos registros que, em ocorr\u00eancia datada de maio deste ano, o indiv\u00edduo teria manifestado a inten\u00e7\u00e3o de matar a ex-companheira a vizinhos.<br \/>\nO indiv\u00edduo est\u00e1 \u00e0 disposi\u00e7\u00e3o da Justi\u00e7a e aguarda audi\u00eancia de cust\u00f3dia. Se a pris\u00e3o preventiva for decretada, ele ser\u00e1 transferido para o Centro de Deten\u00e7\u00e3o Provis\u00f3ria de Cerqueira C\u00e9sar. O caso segue sob investiga\u00e7\u00e3o da DDM de Avar\u00e9.<\/p>\n<p><img loading=\"lazy\" decoding=\"async\" src=\"https:\/\/sabuguinho.com.br\/site\/wp-content\/uploads\/2025\/07\/IMG-20250716-WA0104-150x84.jpg\" alt=\"\" width=\"150\" height=\"84\" class=\"alignnone size-medium wp-image-27945\" srcset=\"https:\/\/sabuguinho.com.br\/site\/wp-content\/uploads\/2025\/07\/IMG-20250716-WA0104-150x84.jpg 150w, https:\/\/sabuguinho.com.br\/site\/wp-content\/uploads\/2025\/07\/IMG-20250716-WA0104-512x288.jpg 512w, https:\/\/sabuguinho.com.br\/site\/wp-content\/uploads\/2025\/07\/IMG-20250716-WA0104-768x432.jpg 768w, https:\/\/sabuguinho.com.br\/site\/wp-content\/uploads\/2025\/07\/IMG-20250716-WA0104-1536x864.jpg 1536w, https:\/\/sabuguinho.com.br\/site\/wp-content\/uploads\/2025\/07\/IMG-20250716-WA0104-750x422.jpg 750w, https:\/\/sabuguinho.com.br\/site\/wp-content\/uploads\/2025\/07\/IMG-20250716-WA0104-1140x641.jpg 1140w, https:\/\/sabuguinho.com.br\/site\/wp-content\/uploads\/2025\/07\/IMG-20250716-WA0104.jpg 1600w\" sizes=\"auto, (max-width: 150px) 100vw, 150px\" \/><\/p>\n","protected":false},"excerpt":{"rendered":"<p>Na tarde desta quarta-feira, dia 16 de julho de 2025, a Pol\u00edcia Civil de Avar\u00e9, por meio da Delegacia de Defesa da Mulher, prendeu em flagrante um homem de 34 anos, acusado de descumprir medida protetiva e amea\u00e7ar de morte sua ex-companheira, de 35 anos, e o atual companheiro dela, de 40 anos. A ocorr\u00eancia [&hellip;]<\/p>\n","protected":false},"author":2,"featured_media":27944,"comment_status":"open","ping_status":"open","sticky":false,"template":"","format":"standard","meta":{"footnotes":""},"categories":[52],"tags":[],"class_list":["post-27956","post","type-post","status-publish","format-standard","has-post-thumbnail","hentry","category-policiais"],"_links":{"self":[{"href":"https:\/\/sabuguinho.com.br\/site\/wp-json\/wp\/v2\/posts\/27956","targetHints":{"allow":["GET"]}}],"collection":[{"href":"https:\/\/sabuguinho.com.br\/site\/wp-json\/wp\/v2\/posts"}],"about":[{"href":"https:\/\/sabuguinho.com.br\/site\/wp-json\/wp\/v2\/types\/post"}],"author":[{"embeddable":true,"href":"https:\/\/sabuguinho.com.br\/site\/wp-json\/wp\/v2\/users\/2"}],"replies":[{"embeddable":true,"href":"https:\/\/sabuguinho.com.br\/site\/wp-json\/wp\/v2\/comments?post=27956"}],"version-history":[{"count":2,"href":"https:\/\/sabuguinho.com.br\/site\/wp-json\/wp\/v2\/posts\/27956\/revisions"}],"predecessor-version":[{"id":27958,"href":"https:\/\/sabuguinho.com.br\/site\/wp-json\/wp\/v2\/posts\/27956\/revisions\/27958"}],"wp:featuredmedia":[{"embeddable":true,"href":"https:\/\/sabuguinho.com.br\/site\/wp-json\/wp\/v2\/media\/27944"}],"wp:attachment":[{"href":"https:\/\/sabuguinho.com.br\/site\/wp-json\/wp\/v2\/media?parent=27956"}],"wp:term":[{"taxonomy":"category","embeddable":true,"href":"https:\/\/sabuguinho.com.br\/site\/wp-json\/wp\/v2\/categories?post=27956"},{"taxonomy":"post_tag","embeddable":true,"href":"https:\/\/sabuguinho.com.br\/site\/wp-json\/wp\/v2\/tags?post=27956"}],"curies":[{"name":"wp","href":"https:\/\/api.w.org\/{rel}","templated":true}]}}