{"id":27342,"date":"2025-07-10T13:12:23","date_gmt":"2025-07-10T16:12:23","guid":{"rendered":"https:\/\/sabuguinho.com.br\/site\/?p=27342"},"modified":"2025-07-10T13:12:23","modified_gmt":"2025-07-10T16:12:23","slug":"motta-apresenta-projeto-para-ampliar-a-inclusao-de-pessoas-com-esquizofrenia-como-dependentes-no-irpf","status":"publish","type":"post","link":"https:\/\/sabuguinho.com.br\/site\/motta-apresenta-projeto-para-ampliar-a-inclusao-de-pessoas-com-esquizofrenia-como-dependentes-no-irpf\/","title":{"rendered":"Motta apresenta projeto para ampliar a inclus\u00e3o de pessoas com esquizofrenia como dependentes no IRPF"},"content":{"rendered":"<p>Victor Augusto | Atendimento &#8211; Comunic Comunica\u00e7\u00e3o Estrat\u00e9gica<\/p>\n<p>Projeto apresentado por Motta amplia isen\u00e7\u00e3o do Imposto de Renda a dependentes com esquizofrenia, beneficiando fam\u00edlias e cuidadores<br \/>\nO deputado federal Luiz Carlos Motta (PL-SP) apresentou Projeto de Lei 3306\/25, que altera a Lei 9.250\/95, e permite que pessoas acometidas de esquizofrenia possam ser inclu\u00eddas como dependentes na declara\u00e7\u00e3o do IRPF, mesmo que n\u00e3o sejam filhos ou irm\u00e3o do contribuinte.<br \/>\nA inclus\u00e3o como dependente requer laudo m\u00e9dico oficial que ateste o diagn\u00f3stico de esquizofrenia.<br \/>\nA esquizofrenia \u00e9 uma doen\u00e7a grave e incapacitante que afeta a autonomia e a conviv\u00eancia social.<br \/>\nSegundo Motta, a proposta visa corrigir lacunas na legisla\u00e7\u00e3o promovendo a equidade tribut\u00e1ria. &#8220;Muitas pessoas acometidas pela doen\u00e7a dependem integralmente do cuidado de terceiros, o que gera \u00f4nus financeiro e emocional para os respons\u00e1veis. A medida busca proporcionar tratamento tribut\u00e1rio mais justo e dignidade aos cuidadores&#8221;, afirmou.<\/p>\n<p>Sobre o deputado Luiz Carlos Motta:<\/p>\n<p>Reeleito pelo PL de S\u00e3o Paulo, Luiz Carlos Motta \u00e9 presidente da Fecomerci\u00e1rios e um dos principais defensores das pautas trabalhistas e municipalistas no Congresso Nacional. \u00c9 titular da Comiss\u00e3o de Trabalho e suplente nas Comiss\u00f5es de Sa\u00fade, Educa\u00e7\u00e3o e Constitui\u00e7\u00e3o e Justi\u00e7a da C\u00e2mara dos Deputados.<\/p>\n","protected":false},"excerpt":{"rendered":"<p>Victor Augusto | Atendimento &#8211; Comunic Comunica\u00e7\u00e3o Estrat\u00e9gica Projeto apresentado por Motta amplia isen\u00e7\u00e3o do Imposto de Renda a dependentes com esquizofrenia, beneficiando fam\u00edlias e cuidadores O deputado federal Luiz Carlos Motta (PL-SP) apresentou Projeto de Lei 3306\/25, que altera a Lei 9.250\/95, e permite que pessoas acometidas de esquizofrenia possam ser inclu\u00eddas como dependentes [&hellip;]<\/p>\n","protected":false},"author":2,"featured_media":27343,"comment_status":"open","ping_status":"open","sticky":false,"template":"","format":"standard","meta":{"footnotes":""},"categories":[73],"tags":[],"_links":{"self":[{"href":"https:\/\/sabuguinho.com.br\/site\/wp-json\/wp\/v2\/posts\/27342"}],"collection":[{"href":"https:\/\/sabuguinho.com.br\/site\/wp-json\/wp\/v2\/posts"}],"about":[{"href":"https:\/\/sabuguinho.com.br\/site\/wp-json\/wp\/v2\/types\/post"}],"author":[{"embeddable":true,"href":"https:\/\/sabuguinho.com.br\/site\/wp-json\/wp\/v2\/users\/2"}],"replies":[{"embeddable":true,"href":"https:\/\/sabuguinho.com.br\/site\/wp-json\/wp\/v2\/comments?post=27342"}],"version-history":[{"count":1,"href":"https:\/\/sabuguinho.com.br\/site\/wp-json\/wp\/v2\/posts\/27342\/revisions"}],"predecessor-version":[{"id":27344,"href":"https:\/\/sabuguinho.com.br\/site\/wp-json\/wp\/v2\/posts\/27342\/revisions\/27344"}],"wp:featuredmedia":[{"embeddable":true,"href":"https:\/\/sabuguinho.com.br\/site\/wp-json\/wp\/v2\/media\/27343"}],"wp:attachment":[{"href":"https:\/\/sabuguinho.com.br\/site\/wp-json\/wp\/v2\/media?parent=27342"}],"wp:term":[{"taxonomy":"category","embeddable":true,"href":"https:\/\/sabuguinho.com.br\/site\/wp-json\/wp\/v2\/categories?post=27342"},{"taxonomy":"post_tag","embeddable":true,"href":"https:\/\/sabuguinho.com.br\/site\/wp-json\/wp\/v2\/tags?post=27342"}],"curies":[{"name":"wp","href":"https:\/\/api.w.org\/{rel}","templated":true}]}}