{"id":27332,"date":"2025-07-10T12:15:16","date_gmt":"2025-07-10T15:15:16","guid":{"rendered":"https:\/\/sabuguinho.com.br\/site\/?p=27332"},"modified":"2025-07-10T12:15:17","modified_gmt":"2025-07-10T15:15:17","slug":"musico-fred-correa-e-convidados-se-apresentam-no-dia-17-no-centro-cultural","status":"publish","type":"post","link":"https:\/\/sabuguinho.com.br\/site\/musico-fred-correa-e-convidados-se-apresentam-no-dia-17-no-centro-cultural\/","title":{"rendered":"M\u00fasico Fred Correa e convidados se apresentam no dia 17 no Centro Cultural"},"content":{"rendered":"<p>Apresenta\u00e7\u00e3o tem in\u00edcio \u00e0s 20 horas; entrada solid\u00e1ria \u00e9 a doa\u00e7\u00e3o de produto de higiene pessoal<\/p>\n<p>Por: REDA\u00c7\u00c3O | SECOM\/Secretaria de Comunica\u00e7\u00e3o da Est\u00e2ncia Tur\u00edstica de Avar\u00e9 <\/p>\n<p>O pianista Fred Correa e artistas convidados s\u00e3o atra\u00e7\u00e3o no projeto Quinta da Casa que acontece na quinta-feira, 17, \u00e0s 20 horas, no Centro Cultural Esther Pires Novaes.<br \/>\nO evento tem apoio da Secretaria Municipal da Cultura. \u201cO p\u00fablico poder\u00e1 conferir o trabalho de importantes nomes do cen\u00e1rio musical avareense\u201d, afirma a pasta.<br \/>\nA apresenta\u00e7\u00e3o vai contar com a participa\u00e7\u00e3o de G\u00e9ssica Dorth, Ana Rosa, B\u00e1rbara Vieira, Juliana Schmitd, \u00c9rica Fonseca, Michele Oliveira, Danilo Senegalia, Cl\u00e1udio Barbosa e Fernanda Correa, o Grupo da Casa, Luiz Scudeler, Lucas Alves e Rody.<br \/>\n\u201cEstarei com amigos tocando MPB, chorinho e m\u00fasicas instrumentais\u201d, adianta Fred Correa, que \u00e9 regente do Coral Municipal de Avar\u00e9.<\/p>\n<p>Social<\/p>\n<p>A entrada \u00e9 gratuita, mas o p\u00fablico \u00e9 convidado a doar um produto de higiene pessoal, que ser\u00e1 destinado a a\u00e7\u00f5es sociais. O Centro Cultural fica na Rua Cear\u00e1, n\u00ba 1507, no centro de Avar\u00e9.<\/p>\n","protected":false},"excerpt":{"rendered":"<p>Apresenta\u00e7\u00e3o tem in\u00edcio \u00e0s 20 horas; entrada solid\u00e1ria \u00e9 a doa\u00e7\u00e3o de produto de higiene pessoal Por: REDA\u00c7\u00c3O | SECOM\/Secretaria de Comunica\u00e7\u00e3o da Est\u00e2ncia Tur\u00edstica de Avar\u00e9 O pianista Fred Correa e artistas convidados s\u00e3o atra\u00e7\u00e3o no projeto Quinta da Casa que acontece na quinta-feira, 17, \u00e0s 20 horas, no Centro Cultural Esther Pires Novaes. [&hellip;]<\/p>\n","protected":false},"author":2,"featured_media":27333,"comment_status":"open","ping_status":"open","sticky":false,"template":"","format":"standard","meta":{"footnotes":""},"categories":[58],"tags":[],"_links":{"self":[{"href":"https:\/\/sabuguinho.com.br\/site\/wp-json\/wp\/v2\/posts\/27332"}],"collection":[{"href":"https:\/\/sabuguinho.com.br\/site\/wp-json\/wp\/v2\/posts"}],"about":[{"href":"https:\/\/sabuguinho.com.br\/site\/wp-json\/wp\/v2\/types\/post"}],"author":[{"embeddable":true,"href":"https:\/\/sabuguinho.com.br\/site\/wp-json\/wp\/v2\/users\/2"}],"replies":[{"embeddable":true,"href":"https:\/\/sabuguinho.com.br\/site\/wp-json\/wp\/v2\/comments?post=27332"}],"version-history":[{"count":1,"href":"https:\/\/sabuguinho.com.br\/site\/wp-json\/wp\/v2\/posts\/27332\/revisions"}],"predecessor-version":[{"id":27334,"href":"https:\/\/sabuguinho.com.br\/site\/wp-json\/wp\/v2\/posts\/27332\/revisions\/27334"}],"wp:featuredmedia":[{"embeddable":true,"href":"https:\/\/sabuguinho.com.br\/site\/wp-json\/wp\/v2\/media\/27333"}],"wp:attachment":[{"href":"https:\/\/sabuguinho.com.br\/site\/wp-json\/wp\/v2\/media?parent=27332"}],"wp:term":[{"taxonomy":"category","embeddable":true,"href":"https:\/\/sabuguinho.com.br\/site\/wp-json\/wp\/v2\/categories?post=27332"},{"taxonomy":"post_tag","embeddable":true,"href":"https:\/\/sabuguinho.com.br\/site\/wp-json\/wp\/v2\/tags?post=27332"}],"curies":[{"name":"wp","href":"https:\/\/api.w.org\/{rel}","templated":true}]}}