{"id":27323,"date":"2025-07-10T11:29:19","date_gmt":"2025-07-10T14:29:19","guid":{"rendered":"https:\/\/sabuguinho.com.br\/site\/?p=27323"},"modified":"2025-07-10T11:29:19","modified_gmt":"2025-07-10T14:29:19","slug":"vitoria-anuncia-contratacao-do-tecnico-fabio-carille","status":"publish","type":"post","link":"https:\/\/sabuguinho.com.br\/site\/vitoria-anuncia-contratacao-do-tecnico-fabio-carille\/","title":{"rendered":"Vit\u00f3ria anuncia contrata\u00e7\u00e3o do t\u00e9cnico Fabio Carille"},"content":{"rendered":"<p>Novo comandante do Le\u00e3o estreia contra o Internacional<\/p>\n<p>Ag\u00eancia Brasil<\/p>\n<p>O Vit\u00f3ria anunciou, nesta quarta-feira (9), o acerto com o t\u00e9cnico Fabio Carille, que substitui Thiago Carpini, demitido ap\u00f3s a derrota para o Confian\u00e7a, na noite da \u00faltima ter\u00e7a-feira (8), que valeu a desclassifica\u00e7\u00e3o do Le\u00e3o da Copa do Nordeste.<br \/>\nSegundo comunicado da equipe baiana, Fabio Carille estar\u00e1 no comando do Vit\u00f3ria j\u00e1 na pr\u00f3xima rodada do Campeonato Brasileiro, \u201ccontra o Internacional [RS], no pr\u00f3ximo s\u00e1bado [12], \u00e0s 16h30, no Beira-Rio, em Porto Alegre\u201d.<br \/>\nO novo t\u00e9cnico do Le\u00e3o da Barra se apresenta em Salvador na pr\u00f3xima quinta-feira (10). O contrato entre o Rubro-Negro e seu novo treinador ter\u00e1 dura\u00e7\u00e3o de um ano.<\/p>\n","protected":false},"excerpt":{"rendered":"<p>Novo comandante do Le\u00e3o estreia contra o Internacional Ag\u00eancia Brasil O Vit\u00f3ria anunciou, nesta quarta-feira (9), o acerto com o t\u00e9cnico Fabio Carille, que substitui Thiago Carpini, demitido ap\u00f3s a derrota para o Confian\u00e7a, na noite da \u00faltima ter\u00e7a-feira (8), que valeu a desclassifica\u00e7\u00e3o do Le\u00e3o da Copa do Nordeste. Segundo comunicado da equipe baiana, [&hellip;]<\/p>\n","protected":false},"author":2,"featured_media":27326,"comment_status":"open","ping_status":"open","sticky":false,"template":"","format":"standard","meta":{"footnotes":""},"categories":[45],"tags":[],"_links":{"self":[{"href":"https:\/\/sabuguinho.com.br\/site\/wp-json\/wp\/v2\/posts\/27323"}],"collection":[{"href":"https:\/\/sabuguinho.com.br\/site\/wp-json\/wp\/v2\/posts"}],"about":[{"href":"https:\/\/sabuguinho.com.br\/site\/wp-json\/wp\/v2\/types\/post"}],"author":[{"embeddable":true,"href":"https:\/\/sabuguinho.com.br\/site\/wp-json\/wp\/v2\/users\/2"}],"replies":[{"embeddable":true,"href":"https:\/\/sabuguinho.com.br\/site\/wp-json\/wp\/v2\/comments?post=27323"}],"version-history":[{"count":1,"href":"https:\/\/sabuguinho.com.br\/site\/wp-json\/wp\/v2\/posts\/27323\/revisions"}],"predecessor-version":[{"id":27327,"href":"https:\/\/sabuguinho.com.br\/site\/wp-json\/wp\/v2\/posts\/27323\/revisions\/27327"}],"wp:featuredmedia":[{"embeddable":true,"href":"https:\/\/sabuguinho.com.br\/site\/wp-json\/wp\/v2\/media\/27326"}],"wp:attachment":[{"href":"https:\/\/sabuguinho.com.br\/site\/wp-json\/wp\/v2\/media?parent=27323"}],"wp:term":[{"taxonomy":"category","embeddable":true,"href":"https:\/\/sabuguinho.com.br\/site\/wp-json\/wp\/v2\/categories?post=27323"},{"taxonomy":"post_tag","embeddable":true,"href":"https:\/\/sabuguinho.com.br\/site\/wp-json\/wp\/v2\/tags?post=27323"}],"curies":[{"name":"wp","href":"https:\/\/api.w.org\/{rel}","templated":true}]}}