{"id":27308,"date":"2025-07-10T10:30:53","date_gmt":"2025-07-10T13:30:53","guid":{"rendered":"https:\/\/sabuguinho.com.br\/site\/?p=27308"},"modified":"2025-07-10T10:30:53","modified_gmt":"2025-07-10T13:30:53","slug":"27308-2","status":"publish","type":"post","link":"https:\/\/sabuguinho.com.br\/site\/27308-2\/","title":{"rendered":""},"content":{"rendered":"<p>A C\u00e2mara de Vereadores de Conchas (SP) cassou o mandato do prefeito Paulo Nunes de Almeida (PDT) por uso indevido de recursos p\u00fablicos. A decis\u00e3o foi tomada por sete votos a dois durante uma sess\u00e3o de julgamento realizada nesta ter\u00e7a-feira (8).Coisas para fazer perto de S\u00e3o Paulo<br \/>\nSegundo o relat\u00f3rio da Comiss\u00e3o Processante da Casa, o prefeito autorizou o uso de um trator da prefeitura para a limpeza de um terreno particular, sem autoriza\u00e7\u00e3o legal. O caso foi tratado como infra\u00e7\u00e3o pol\u00edtico-administrativa.<br \/>\nA den\u00fancia analisada indicava que, em fevereiro deste ano, servidores municipais foram flagrados utilizando m\u00e1quinas p\u00fablicas para retirada de entulho em uma propriedade privada.<br \/>\nA comiss\u00e3o avaliou cinco den\u00fancias no total, mas apenas a segunda, sobre o uso de bens p\u00fablicos, resultou na cassa\u00e7\u00e3o do prefeito. As demais foram rejeitadas por n\u00e3o alcan\u00e7arem o n\u00famero m\u00ednimo de votos exigidos.<br \/>\nA vota\u00e7\u00e3o ocorreu ap\u00f3s mais de sete horas de sess\u00e3o. O relat\u00f3rio foi lido pelo primeiro-secret\u00e1rio da C\u00e2mara, vereador Lu\u00eds Ant\u00f4nio Alves. Veja abaixo a decis\u00e3o para cada uma das den\u00fancias:<br \/>\nResultado da vota\u00e7\u00e3o por den\u00fancia<br \/>\n1\u00aa den\u00fancia: queda de paciente no hospital municipal \u2014 rejeitada por unanimidade<br \/>\n2\u00aa den\u00fancia: uso de trator da prefeitura em terreno particular \u2014 aprovada (7 votos a 2)<br \/>\n3\u00aa den\u00fancia: suspens\u00e3o do transporte escolar e uso de \u00f4nibus escolar para transporte urbano \u2014 rejeitada (7 votos contra e 2 a favor)<br \/>\n4\u00aa den\u00fancia: a\u00e7\u00f5es relacionadas \u00e0 epidemia de dengue \u2014 rejeitada (7 votos contra e 2 a favor)<br \/>\n5\u00aa den\u00fancia: arquivada previamente pela C\u00e2mara<br \/>\n6\u00aa den\u00fancia: envolvia o presidente da C\u00e2mara \u2014 ambos absolvidos por unanimidade<br \/>\nO que diz a defesa<br \/>\nDurante a sess\u00e3o, o prefeito afirmou que reconhece eventuais falhas administrativas, mas refor\u00e7ou que parte das acusa\u00e7\u00f5es j\u00e1 havia sido arquivada anteriormente pelo Minist\u00e9rio P\u00fablico. O advogado de defesa tamb\u00e9m alegou que n\u00e3o houve preju\u00edzo ao er\u00e1rio e que n\u00e3o existiram elementos suficientes para caracterizar infra\u00e7\u00e3o pol\u00edtico administrativa. O prefeito vai recorrer da decis\u00e3o.<br \/>\nEm nota, Paulo Nunes disse que mant\u00e9m a consci\u00eancia tranquila de que trabalhou para cuidar da cidade e que vai recorrer judicialmente contra a decis\u00e3o da C\u00e2mara. At\u00e9 l\u00e1, desejou sorte ao vice-prefeito, Sandro Del Ben (PDT), que deve assumir o cargo nesta quarta-feira (9), primeiro dia \u00fatil ap\u00f3s a cassa\u00e7\u00e3o.<br \/>\nPaulo Nunes de Almeida (PDT), Prefeito de Conchas (Foto: Reprodu\u00e7\u00e3o\/ TV TEM)<br \/>\nChefe do Poder Executivo de Conchas ser\u00e1 investigado por pr\u00e1tica de atos considerados irregulares, entre eles, relacionados ao setor da sa\u00fade, como neglig\u00eancia da dengue e precariza\u00e7\u00e3o no hospital municipal \u2014 Foto: Reprodu\u00e7\u00e3o\/ TV TEM<\/p>\n","protected":false},"excerpt":{"rendered":"<p>A C\u00e2mara de Vereadores de Conchas (SP) cassou o mandato do prefeito Paulo Nunes de Almeida (PDT) por uso indevido de recursos p\u00fablicos. A decis\u00e3o foi tomada por sete votos a dois durante uma sess\u00e3o de julgamento realizada nesta ter\u00e7a-feira (8).Coisas para fazer perto de S\u00e3o Paulo Segundo o relat\u00f3rio da Comiss\u00e3o Processante da Casa, [&hellip;]<\/p>\n","protected":false},"author":2,"featured_media":27309,"comment_status":"open","ping_status":"open","sticky":false,"template":"","format":"standard","meta":{"footnotes":""},"categories":[51],"tags":[],"_links":{"self":[{"href":"https:\/\/sabuguinho.com.br\/site\/wp-json\/wp\/v2\/posts\/27308"}],"collection":[{"href":"https:\/\/sabuguinho.com.br\/site\/wp-json\/wp\/v2\/posts"}],"about":[{"href":"https:\/\/sabuguinho.com.br\/site\/wp-json\/wp\/v2\/types\/post"}],"author":[{"embeddable":true,"href":"https:\/\/sabuguinho.com.br\/site\/wp-json\/wp\/v2\/users\/2"}],"replies":[{"embeddable":true,"href":"https:\/\/sabuguinho.com.br\/site\/wp-json\/wp\/v2\/comments?post=27308"}],"version-history":[{"count":1,"href":"https:\/\/sabuguinho.com.br\/site\/wp-json\/wp\/v2\/posts\/27308\/revisions"}],"predecessor-version":[{"id":27310,"href":"https:\/\/sabuguinho.com.br\/site\/wp-json\/wp\/v2\/posts\/27308\/revisions\/27310"}],"wp:featuredmedia":[{"embeddable":true,"href":"https:\/\/sabuguinho.com.br\/site\/wp-json\/wp\/v2\/media\/27309"}],"wp:attachment":[{"href":"https:\/\/sabuguinho.com.br\/site\/wp-json\/wp\/v2\/media?parent=27308"}],"wp:term":[{"taxonomy":"category","embeddable":true,"href":"https:\/\/sabuguinho.com.br\/site\/wp-json\/wp\/v2\/categories?post=27308"},{"taxonomy":"post_tag","embeddable":true,"href":"https:\/\/sabuguinho.com.br\/site\/wp-json\/wp\/v2\/tags?post=27308"}],"curies":[{"name":"wp","href":"https:\/\/api.w.org\/{rel}","templated":true}]}}