{"id":27255,"date":"2025-07-09T12:36:58","date_gmt":"2025-07-09T15:36:58","guid":{"rendered":"https:\/\/sabuguinho.com.br\/site\/?p=27255"},"modified":"2025-07-09T12:42:14","modified_gmt":"2025-07-09T15:42:14","slug":"ultimo-mes-para-visitar-a-exposicao-sobre-inezita-barroso-no-museu-tiao-carreiro","status":"publish","type":"post","link":"https:\/\/sabuguinho.com.br\/site\/ultimo-mes-para-visitar-a-exposicao-sobre-inezita-barroso-no-museu-tiao-carreiro\/","title":{"rendered":"\u00daltimo m\u00eas para visitar a exposi\u00e7\u00e3o sobre Inezita Barroso no Museu Ti\u00e3o Carreiro"},"content":{"rendered":"<p>Mostra gratuita celebra o centen\u00e1rio da artista com pe\u00e7as in\u00e9ditas, obras autorais e, em julho, edi\u00e7\u00e3o especial do Caf\u00e9 &#038; Viola com tradi\u00e7\u00f5es populares da regi\u00e3o.<br \/>\nA exposi\u00e7\u00e3o \u201cInezita, a voz de nossa terra\u201d, em cartaz no Museu Ti\u00e3o Carreiro, entra em seu \u00faltimo m\u00eas de visita\u00e7\u00e3o. A mostra, que homenageia os 100 anos de nascimento de Inezita Barroso, segue at\u00e9 6 de agosto e \u00e9 uma oportunidade \u00fanica para mergulhar no universo de uma das maiores refer\u00eancias da m\u00fasica caipira, da cultura popular brasileira e do folclore nacional. A visita\u00e7\u00e3o \u00e9 gratuita e acontece de ter\u00e7a a domingo, das 10h \u00e0s 18h, em Pardinho (SP).<br \/>\nComo parte das homenagens \u00e0 artista, no dia 6 de julho (domingo), o Museu realiza uma edi\u00e7\u00e3o especial do tradicional Caf\u00e9 &#038; Viola, focado em express\u00f5es do folclore e das tradi\u00e7\u00f5es populares da regi\u00e3o. Das 9h \u00e0s 11h, o p\u00fablico poder\u00e1 apreciar apresenta\u00e7\u00f5es do grupo de S\u00e3o Gon\u00e7alo, da catira Jovens da Cuesta, da Cia de Folia de Reis e do Divino Francisco de Assis, al\u00e9m do cururu com Jo\u00e3o Zarias e Claudinho. A atividade \u00e9 gratuita e livre para todos os p\u00fablicos.<br \/>\n\u201cInezita foi uma grande folclorista, defensora incans\u00e1vel da cultura do interior e do Brasil profundo. Esse Caf\u00e9 &#038; Viola especial vem celebrar esse lado t\u00e3o importante da trajet\u00f3ria dela, reunindo express\u00f5es que ela tanto valorizou em vida\u201d, afirma Patr\u00edcia Ceschi, gestora do Centro Max Feffer.<\/p>\n<p>Viola, mem\u00f3rias e obras in\u00e9ditas<\/p>\n<p>A exposi\u00e7\u00e3o \u00e9 fruto de uma resid\u00eancia art\u00edstica promovida pelo Museu Ti\u00e3o Carreiro, em parceria com o Instituto Jatob\u00e1s, e re\u00fane objetos pessoais, obras autorais e documentos hist\u00f3ricos que ajudam a tra\u00e7ar o retrato sens\u00edvel da artista. Entre os destaques do acervo est\u00e1 a viola de estima\u00e7\u00e3o de Inezita Barroso, uma pe\u00e7a cinturada da marca Del Vecchio, que foi um presente do produtor e amigo Aloisio Milani.<br \/>\nTamb\u00e9m est\u00e3o expostos o busto de Inezita, esculpido em 1950 por Germano Mariutti, amigo da fam\u00edlia, e diversas pinturas e quadros do acervo pessoal, como o quadro \u201cLampi\u00e3o de G\u00e1s\u201d, de Paulo Scavone, inspirado em um de seus maiores sucessos, e retratos em \u00f3leo feitos por Gino Bruno, amigo da fam\u00edlia, retratando Inezita jovem, seu pai e seus av\u00f3s.<br \/>\nA exposi\u00e7\u00e3o traz ainda obras in\u00e9ditas produzidas por artistas convidados durante a resid\u00eancia art\u00edstica, como a aquarela \u201cInezita por Paula\u201d, assinada por sua neta Paula Leme Maia; a ilustra\u00e7\u00e3o \u201cV\u00f3 Zica\u201d, de Yuri Garfunkel, inspirada na av\u00f3 de Inezita e sua heran\u00e7a musical; e os quadrinhos \u201cJanela Aut\u00eantica\u201d, de B\u00e1rbara Ip\u00ea, que retratam cenas das primeiras aulas de viol\u00e3o da cantora. J\u00e1 Camilo Solano apresenta a aquarela \u201cMarvada Pinga\u201d, recriando, em tra\u00e7os e cores, o cl\u00e1ssico da m\u00fasica caipira imortalizado por Inezita.<br \/>\nO p\u00fablico tamb\u00e9m poder\u00e1 conhecer os bastidores da cria\u00e7\u00e3o dessas obras, com registros e depoimentos documentados por Nath\u00e1lia Duarte e Victor Florence, mostrando como o legado de Inezita segue pulsante e inspirando novas gera\u00e7\u00f5es.<br \/>\nA mostra \u00e9 realizada com recursos da Pol\u00edtica Nacional Aldir Blanc, atrav\u00e9s do ProAC Editais, Secretaria da Cultura, Economia e Ind\u00fastria Criativas e Minist\u00e9rio da Cultura.<\/p>\n<p>Legenda<br \/>\nMuseu Ti\u00e3o Carreiro\/<\/p>\n","protected":false},"excerpt":{"rendered":"<p>Mostra gratuita celebra o centen\u00e1rio da artista com pe\u00e7as in\u00e9ditas, obras autorais e, em julho, edi\u00e7\u00e3o especial do Caf\u00e9 &#038; Viola com tradi\u00e7\u00f5es populares da regi\u00e3o. A exposi\u00e7\u00e3o \u201cInezita, a voz de nossa terra\u201d, em cartaz no Museu Ti\u00e3o Carreiro, entra em seu \u00faltimo m\u00eas de visita\u00e7\u00e3o. A mostra, que homenageia os 100 anos de [&hellip;]<\/p>\n","protected":false},"author":2,"featured_media":27257,"comment_status":"open","ping_status":"open","sticky":false,"template":"","format":"standard","meta":{"footnotes":""},"categories":[51],"tags":[],"_links":{"self":[{"href":"https:\/\/sabuguinho.com.br\/site\/wp-json\/wp\/v2\/posts\/27255"}],"collection":[{"href":"https:\/\/sabuguinho.com.br\/site\/wp-json\/wp\/v2\/posts"}],"about":[{"href":"https:\/\/sabuguinho.com.br\/site\/wp-json\/wp\/v2\/types\/post"}],"author":[{"embeddable":true,"href":"https:\/\/sabuguinho.com.br\/site\/wp-json\/wp\/v2\/users\/2"}],"replies":[{"embeddable":true,"href":"https:\/\/sabuguinho.com.br\/site\/wp-json\/wp\/v2\/comments?post=27255"}],"version-history":[{"count":2,"href":"https:\/\/sabuguinho.com.br\/site\/wp-json\/wp\/v2\/posts\/27255\/revisions"}],"predecessor-version":[{"id":27262,"href":"https:\/\/sabuguinho.com.br\/site\/wp-json\/wp\/v2\/posts\/27255\/revisions\/27262"}],"wp:featuredmedia":[{"embeddable":true,"href":"https:\/\/sabuguinho.com.br\/site\/wp-json\/wp\/v2\/media\/27257"}],"wp:attachment":[{"href":"https:\/\/sabuguinho.com.br\/site\/wp-json\/wp\/v2\/media?parent=27255"}],"wp:term":[{"taxonomy":"category","embeddable":true,"href":"https:\/\/sabuguinho.com.br\/site\/wp-json\/wp\/v2\/categories?post=27255"},{"taxonomy":"post_tag","embeddable":true,"href":"https:\/\/sabuguinho.com.br\/site\/wp-json\/wp\/v2\/tags?post=27255"}],"curies":[{"name":"wp","href":"https:\/\/api.w.org\/{rel}","templated":true}]}}