{"id":26980,"date":"2025-07-06T10:43:05","date_gmt":"2025-07-06T13:43:05","guid":{"rendered":"https:\/\/sabuguinho.com.br\/site\/?p=26980"},"modified":"2025-07-06T10:43:05","modified_gmt":"2025-07-06T13:43:05","slug":"papa-leao-xiv-toma-primeira-medida-para-tratar-de-abusos-cometidos-pelo-clero-catolico","status":"publish","type":"post","link":"https:\/\/sabuguinho.com.br\/site\/papa-leao-xiv-toma-primeira-medida-para-tratar-de-abusos-cometidos-pelo-clero-catolico\/","title":{"rendered":"Papa Le\u00e3o XIV toma primeira medida para tratar de abusos cometidos pelo clero cat\u00f3lico"},"content":{"rendered":"<p>O Papa Le\u00e3o XIV nomeou neste s\u00e1bado (5) um arcebispo franc\u00eas como novo l\u00edder da comiss\u00e3o do Vaticano sobre abuso sexual no clero, em sua primeira a\u00e7\u00e3o p\u00fablica para enfrentar uma quest\u00e3o que abalou a credibilidade da Igreja em todo o mundo.<br \/>\nThibault Verny, de 59 anos, assumir\u00e1 a presid\u00eancia da Pontif\u00edcia Comiss\u00e3o para a Prote\u00e7\u00e3o de Menores e continuar\u00e1 exercendo o cargo de arcebispo de Chambery, no sudeste da Fran\u00e7a.<br \/>\nA comiss\u00e3o do Vaticano foi criada pelo Papa Francisco em 2014, como parte de seus esfor\u00e7os para responder aos esc\u00e2ndalos de abuso sexual que afetaram a Igreja em diversos pa\u00edses.<br \/>\nEsses esc\u00e2ndalos comprometeram a autoridade moral da Igreja, resultaram em processos judiciais milion\u00e1rios em v\u00e1rios pa\u00edses e levaram \u00e0 ren\u00fancia de diversos bispos.<\/p>\n<p>Verny afirmou estar comprometido em aprimorar as medidas de prote\u00e7\u00e3o adotadas pela Igreja.<\/p>\n<p>\u201cPromoveremos o (\u2026) compartilhamento equitativo de recursos para que todas as partes da Igreja, independentemente da geografia ou circunst\u00e2ncia, possam manter os mais altos padr\u00f5es de prote\u00e7\u00e3o\u201d, disse ele em um comunicado.<br \/>\nVerny substitui o cardeal Sean O\u2019Malley, ex-arcebispo de Boston. Aos 81 anos, O\u2019Malley vinha atuando al\u00e9m da idade tradicional de aposentadoria para bispos, que \u00e9 de 80 anos. Ele liderava a comiss\u00e3o desde sua cria\u00e7\u00e3o.<br \/>\nEmbora alguns sobreviventes tenham elogiado os esfor\u00e7os da comiss\u00e3o, ela tamb\u00e9m enfrentou dificuldades com a ren\u00fancia de diversos membros ao longo dos anos.<br \/>\nEm 2023, um influente padre jesu\u00edta e conselheiro do Papa renunciou, alegando publicamente preocupa\u00e7\u00f5es com a forma como a comiss\u00e3o vinha sendo conduzida.<br \/>\nVerny foi nomeado membro da comiss\u00e3o pelo Papa Francisco em 2022. Ele tamb\u00e9m esteve \u00e0 frente das iniciativas de prote\u00e7\u00e3o da Igreja na Fran\u00e7a.<br \/>\nO\u2019Malley elogiou a nomea\u00e7\u00e3o e afirmou, em comunicado, que Verny \u00e9 \u201cum l\u00edder colaborativo comprometido com o avan\u00e7o da ado\u00e7\u00e3o global de prote\u00e7\u00e3o e salvaguarda, para garantir da melhor forma poss\u00edvel a seguran\u00e7a daqueles que est\u00e3o sob os cuidados da Igreja em todo o mundo\u201d.<\/p>\n<p>Fonte: G1 \u2013 Foto: Vatican Media<\/p>\n","protected":false},"excerpt":{"rendered":"<p>O Papa Le\u00e3o XIV nomeou neste s\u00e1bado (5) um arcebispo franc\u00eas como novo l\u00edder da comiss\u00e3o do Vaticano sobre abuso sexual no clero, em sua primeira a\u00e7\u00e3o p\u00fablica para enfrentar uma quest\u00e3o que abalou a credibilidade da Igreja em todo o mundo. Thibault Verny, de 59 anos, assumir\u00e1 a presid\u00eancia da Pontif\u00edcia Comiss\u00e3o para a [&hellip;]<\/p>\n","protected":false},"author":2,"featured_media":26985,"comment_status":"open","ping_status":"open","sticky":false,"template":"","format":"standard","meta":{"footnotes":""},"categories":[61],"tags":[],"_links":{"self":[{"href":"https:\/\/sabuguinho.com.br\/site\/wp-json\/wp\/v2\/posts\/26980"}],"collection":[{"href":"https:\/\/sabuguinho.com.br\/site\/wp-json\/wp\/v2\/posts"}],"about":[{"href":"https:\/\/sabuguinho.com.br\/site\/wp-json\/wp\/v2\/types\/post"}],"author":[{"embeddable":true,"href":"https:\/\/sabuguinho.com.br\/site\/wp-json\/wp\/v2\/users\/2"}],"replies":[{"embeddable":true,"href":"https:\/\/sabuguinho.com.br\/site\/wp-json\/wp\/v2\/comments?post=26980"}],"version-history":[{"count":1,"href":"https:\/\/sabuguinho.com.br\/site\/wp-json\/wp\/v2\/posts\/26980\/revisions"}],"predecessor-version":[{"id":26986,"href":"https:\/\/sabuguinho.com.br\/site\/wp-json\/wp\/v2\/posts\/26980\/revisions\/26986"}],"wp:featuredmedia":[{"embeddable":true,"href":"https:\/\/sabuguinho.com.br\/site\/wp-json\/wp\/v2\/media\/26985"}],"wp:attachment":[{"href":"https:\/\/sabuguinho.com.br\/site\/wp-json\/wp\/v2\/media?parent=26980"}],"wp:term":[{"taxonomy":"category","embeddable":true,"href":"https:\/\/sabuguinho.com.br\/site\/wp-json\/wp\/v2\/categories?post=26980"},{"taxonomy":"post_tag","embeddable":true,"href":"https:\/\/sabuguinho.com.br\/site\/wp-json\/wp\/v2\/tags?post=26980"}],"curies":[{"name":"wp","href":"https:\/\/api.w.org\/{rel}","templated":true}]}}