{"id":26934,"date":"2025-07-05T12:51:57","date_gmt":"2025-07-05T15:51:57","guid":{"rendered":"https:\/\/sabuguinho.com.br\/site\/?p=26934"},"modified":"2025-07-05T12:52:40","modified_gmt":"2025-07-05T15:52:40","slug":"26934-2","status":"publish","type":"post","link":"https:\/\/sabuguinho.com.br\/site\/26934-2\/","title":{"rendered":"Cristina Kirchner est\u00e1 com gana de luta, diz Lula ap\u00f3s visita"},"content":{"rendered":"<p>O presidente Luiz In\u00e1cio Lula da Silva visitou, nesta quinta-feira (3), a ex-presidente da Argentina, Cristina Kirchner, que est\u00e1 em pris\u00e3o domiciliar, em Buenos Aires, condenada por corrup\u00e7\u00e3o. Ela nega as acusa\u00e7\u00f5es e diz ser v\u00edtima de persegui\u00e7\u00e3o pol\u00edtica. Em publica\u00e7\u00e3o nas redes sociais, Lula afirmou que Kirchner est\u00e1 bem, \u201ccom for\u00e7a e gana de luta\u201d.<br \/>\n\u201cAl\u00e9m de prestar minha solidariedade a ela por tudo que tem vivido, desejei toda a for\u00e7a para seguir lutando com a mesma firmeza que tem sido a marca de sua trajet\u00f3ria na vida e na pol\u00edtica. Pude sentir nas ruas o apoio popular que tem recebido e sei bem o quanto \u00e9 importante esse reconhecimento nos momentos mais dif\u00edceis\u201d, escreveu o presidente.<br \/>\n\u201cTenho por Cristina uma amizade de muitos anos que vai muito al\u00e9m da rela\u00e7\u00e3o institucional. Um carinho e afeto de amigos, companheiros de campo pol\u00edtico e de ideais de justi\u00e7a social e combate \u00e0s desigualdades\u201d, acrescentou.<br \/>\nLula esteve na Argentina para participar da C\u00fapula do Mercosul, que foi presidida, na manh\u00e3 de hoje, pelo atual presidente do pa\u00eds, Javier Milei, opositor de Cristina. Na ocasi\u00e3o, o Brasil assumiu o comando do bloco sul-americano, para o segundo semestre do ano.<br \/>\nEntenda a pris\u00e3o de Cristina Kirchner<br \/>\nNo \u00faltimo dia 10 de junho, a Suprema Corte da Argentina manteve a senten\u00e7a que condenou a ex-presidente a seis anos de pris\u00e3o por corrup\u00e7\u00e3o no per\u00edodo em que esteve no comando do pa\u00eds. A decis\u00e3o pro\u00edbe, ainda, que ela ocupe cargos p\u00fablicos de forma vital\u00edcia.<br \/>\nA ex-presidente da Argentina nega as acusa\u00e7\u00f5es e diz ser v\u00edtima de persegui\u00e7\u00e3o pol\u00edtica. Dias antes, ela anunciou seus planos de concorrer ao Congresso nas elei\u00e7\u00f5es legislativas de setembro em um distrito importante da prov\u00edncia de Buenos Aires, devido ao n\u00famero de eleitores e por ser um reduto do peronismo, o movimento de centro-esquerda do pa\u00eds.<br \/>\nKirchner, 72 anos, cumpriu dois mandatos como presidente de 2007 a 2015 e foi vice-presidente de 2019 a 2023. Ela foi condenada em um caso conhecido como Vialidad, no qual foi acusada de favorecer o empres\u00e1rio L\u00e1zaro B\u00e1ez ao conceder-lhe projetos de obras p\u00fablicas na Patag\u00f4nia.<br \/>\nComo ela tem mais de 70 anos, pode cumprir a pena em pris\u00e3o domiciliar.<br \/>\nEm julho de 2019, quando era candidato \u00e0 presid\u00eancia da Argentina, o ex-presidente Alberto Fern\u00e1ndez tamb\u00e9m visitou Lula na pris\u00e3o, em Curitiba. Fern\u00e1ndez governou a Argentina de dezembro de 2019 a dezembro de 2023, tendo Cristina Kirchner como vice. Da mesma forma que Cristina, Lula alegou persegui\u00e7\u00e3o pol\u00edtica para a sua condena\u00e7\u00e3o, que posteriormente foi anulada.<\/p>\n<p>Fonte: Ag\u00eancia Brasil \u2013 Foto: Ricardo Stuckert\/PR<\/p>\n","protected":false},"excerpt":{"rendered":"<p>O presidente Luiz In\u00e1cio Lula da Silva visitou, nesta quinta-feira (3), a ex-presidente da Argentina, Cristina Kirchner, que est\u00e1 em pris\u00e3o domiciliar, em Buenos Aires, condenada por corrup\u00e7\u00e3o. Ela nega as acusa\u00e7\u00f5es e diz ser v\u00edtima de persegui\u00e7\u00e3o pol\u00edtica. Em publica\u00e7\u00e3o nas redes sociais, Lula afirmou que Kirchner est\u00e1 bem, \u201ccom for\u00e7a e gana de [&hellip;]<\/p>\n","protected":false},"author":2,"featured_media":26935,"comment_status":"open","ping_status":"open","sticky":false,"template":"","format":"standard","meta":{"footnotes":""},"categories":[70],"tags":[],"_links":{"self":[{"href":"https:\/\/sabuguinho.com.br\/site\/wp-json\/wp\/v2\/posts\/26934"}],"collection":[{"href":"https:\/\/sabuguinho.com.br\/site\/wp-json\/wp\/v2\/posts"}],"about":[{"href":"https:\/\/sabuguinho.com.br\/site\/wp-json\/wp\/v2\/types\/post"}],"author":[{"embeddable":true,"href":"https:\/\/sabuguinho.com.br\/site\/wp-json\/wp\/v2\/users\/2"}],"replies":[{"embeddable":true,"href":"https:\/\/sabuguinho.com.br\/site\/wp-json\/wp\/v2\/comments?post=26934"}],"version-history":[{"count":2,"href":"https:\/\/sabuguinho.com.br\/site\/wp-json\/wp\/v2\/posts\/26934\/revisions"}],"predecessor-version":[{"id":26937,"href":"https:\/\/sabuguinho.com.br\/site\/wp-json\/wp\/v2\/posts\/26934\/revisions\/26937"}],"wp:featuredmedia":[{"embeddable":true,"href":"https:\/\/sabuguinho.com.br\/site\/wp-json\/wp\/v2\/media\/26935"}],"wp:attachment":[{"href":"https:\/\/sabuguinho.com.br\/site\/wp-json\/wp\/v2\/media?parent=26934"}],"wp:term":[{"taxonomy":"category","embeddable":true,"href":"https:\/\/sabuguinho.com.br\/site\/wp-json\/wp\/v2\/categories?post=26934"},{"taxonomy":"post_tag","embeddable":true,"href":"https:\/\/sabuguinho.com.br\/site\/wp-json\/wp\/v2\/tags?post=26934"}],"curies":[{"name":"wp","href":"https:\/\/api.w.org\/{rel}","templated":true}]}}