{"id":26852,"date":"2025-07-04T13:22:13","date_gmt":"2025-07-04T16:22:13","guid":{"rendered":"https:\/\/sabuguinho.com.br\/site\/?p=26852"},"modified":"2025-07-04T13:23:12","modified_gmt":"2025-07-04T16:23:12","slug":"26852-2","status":"publish","type":"post","link":"https:\/\/sabuguinho.com.br\/site\/26852-2\/","title":{"rendered":"#PraCegoVer vira lei em Avar\u00e9 e facilita compreens\u00e3o para deficientes visuais"},"content":{"rendered":"<p>J\u00e1 est\u00e1 em vigor em Avar\u00e9 a Lei Municipal 3.242, de 24 de junho de 2025, que torna obrigat\u00f3rio o uso da hashtag #PraCegoVer ou # #PraTodosVerem nas publica\u00e7\u00f5es que vinculem imagens nos s\u00edtios eletr\u00f4nicos e redes sociais de \u00f3rg\u00e3os da administra\u00e7\u00e3o p\u00fablica direta e indireta.<br \/>\nA iniciativa partiu do projeto de lei 131\/2025 de autoria do vereador Hidalgo Andr\u00e9 de Freitas (PSD), e tem por objetivo fazer com que as pessoas com defici\u00eancia visual consigam compreender a imagem por meio da audiodescri\u00e7\u00e3o. \u201cNo Brasil existem cerca de 6,5 milh\u00f5es de deficientes visuais, dos quais 585 mil s\u00e3o totalmente cegos, sendo que os mesmos, com respectivo aux\u00edlio, tamb\u00e9m fazem uso da rede mundial de computadores por meio de seus s\u00edtios eletr\u00f4nicos, sobretudo das redes sociais, e o escopo principal desse projeto \u00e9 o de difundir e dinamizar a informa\u00e7\u00e3o para todas as pessoas\u201d, explica o autor.<br \/>\nConforme a lei, a descri\u00e7\u00e3o da imagem (fotografia, cartum, tirinha, ilustra\u00e7\u00e3o) dever\u00e1 ser feita da esquerda para direita, de cima para baixo, seguindo a ordem natural de leitura e escrita usadas no ocidente. Informa\u00e7\u00f5es sobre cores e elementos da foto dever\u00e3o estar presentes criando uma sequ\u00eancia l\u00f3gica para quem est\u00e1 ouvindo.<\/p>\n<p>Como surgiu a campanha?<\/p>\n<p>A iniciativa \u00e9 da baiana Patr\u00edcia S\u00edlvia de Jesus, ou \u201cPatr\u00edcia Braille\u201d como \u00e9 conhecida. A idealizadora atua como Coordenadora da Educa\u00e7\u00e3o Especial no Estado da Bahia e \u00e9 especialista em acessibilidade para deficientes visuais. \u201cTrata-se de uma campanha que ressalta que a invisibilidade dos deficientes perante a sociedade ocorre justamente porque a cegueira \u00e0s vezes est\u00e1 nos olhos de quem enxerga\u201d, diz a coordenadora que possui uma p\u00e1gina no Facebook que est\u00e1 no ar desde 2012 promovendo a inclus\u00e3o das pessoas com defici\u00eancia visual nas comunidades digitais do Brasil.<br \/>\n#PraCegoVer: A imagem que ilustra esta mat\u00e9ria traz uma mulher portadora de defici\u00eancia visual, com trajes em azul, sentada \u00e0 uma mesa e com um livro apoiado em uma das pernas, tendo a frente um notebook sobre a mesa e tamb\u00e9m tem alguns livros. Encostada na parede atr\u00e1s da mesa aparece uma bengala branca e vermelha, utilizada por pessoas com surdocegueira, que, em diferentes graus, t\u00eam a audi\u00e7\u00e3o e a vis\u00e3o comprometida<\/p>\n<p>legenda: Uso da hashtag em publica\u00e7\u00f5es com foto ajuda cegos a compreenderem a imagem por meio da audiodescri\u00e7\u00e3o<\/p>\n<p>Fonte da Foto: Assessoria<\/p>\n","protected":false},"excerpt":{"rendered":"<p>J\u00e1 est\u00e1 em vigor em Avar\u00e9 a Lei Municipal 3.242, de 24 de junho de 2025, que torna obrigat\u00f3rio o uso da hashtag #PraCegoVer ou # #PraTodosVerem nas publica\u00e7\u00f5es que vinculem imagens nos s\u00edtios eletr\u00f4nicos e redes sociais de \u00f3rg\u00e3os da administra\u00e7\u00e3o p\u00fablica direta e indireta. A iniciativa partiu do projeto de lei 131\/2025 de [&hellip;]<\/p>\n","protected":false},"author":2,"featured_media":26853,"comment_status":"open","ping_status":"open","sticky":false,"template":"","format":"standard","meta":{"footnotes":""},"categories":[58],"tags":[],"_links":{"self":[{"href":"https:\/\/sabuguinho.com.br\/site\/wp-json\/wp\/v2\/posts\/26852"}],"collection":[{"href":"https:\/\/sabuguinho.com.br\/site\/wp-json\/wp\/v2\/posts"}],"about":[{"href":"https:\/\/sabuguinho.com.br\/site\/wp-json\/wp\/v2\/types\/post"}],"author":[{"embeddable":true,"href":"https:\/\/sabuguinho.com.br\/site\/wp-json\/wp\/v2\/users\/2"}],"replies":[{"embeddable":true,"href":"https:\/\/sabuguinho.com.br\/site\/wp-json\/wp\/v2\/comments?post=26852"}],"version-history":[{"count":2,"href":"https:\/\/sabuguinho.com.br\/site\/wp-json\/wp\/v2\/posts\/26852\/revisions"}],"predecessor-version":[{"id":26855,"href":"https:\/\/sabuguinho.com.br\/site\/wp-json\/wp\/v2\/posts\/26852\/revisions\/26855"}],"wp:featuredmedia":[{"embeddable":true,"href":"https:\/\/sabuguinho.com.br\/site\/wp-json\/wp\/v2\/media\/26853"}],"wp:attachment":[{"href":"https:\/\/sabuguinho.com.br\/site\/wp-json\/wp\/v2\/media?parent=26852"}],"wp:term":[{"taxonomy":"category","embeddable":true,"href":"https:\/\/sabuguinho.com.br\/site\/wp-json\/wp\/v2\/categories?post=26852"},{"taxonomy":"post_tag","embeddable":true,"href":"https:\/\/sabuguinho.com.br\/site\/wp-json\/wp\/v2\/tags?post=26852"}],"curies":[{"name":"wp","href":"https:\/\/api.w.org\/{rel}","templated":true}]}}