{"id":26787,"date":"2025-07-03T21:12:19","date_gmt":"2025-07-04T00:12:19","guid":{"rendered":"https:\/\/sabuguinho.com.br\/site\/?p=26787"},"modified":"2025-07-03T21:12:19","modified_gmt":"2025-07-04T00:12:19","slug":"calderano-perde-competicao-nos-eua-por-questao-burocratica-com-visto","status":"publish","type":"post","link":"https:\/\/sabuguinho.com.br\/site\/calderano-perde-competicao-nos-eua-por-questao-burocratica-com-visto\/","title":{"rendered":"Calderano perde competi\u00e7\u00e3o nos EUA por quest\u00e3o burocr\u00e1tica com visto"},"content":{"rendered":"<p>Obst\u00e1culo para dispensa autom\u00e1tica teria sido ida do atleta a Cuba<\/p>\n<p>Ag\u00eancia Brasil<\/p>\n<p>N\u00famero 3 do mundo, o mesatenista brasileiro Hugo Calderano n\u00e3o poder\u00e1 disputar o WTT Grand Smash dos Estados Unidos, em Las Vegas, devido a um problema in\u00e9dito com o visto de entrada no pa\u00eds. A competi\u00e7\u00e3o &#8211; similar a um Grand Slam &#8211; \u00e9 uma das principais do circuito mundial de t\u00eanis de mesa e tem in\u00edcio nesta sexta-feira (4). O atleta foi informado pela Alf\u00e2ndega e Prote\u00e7\u00e3o de Fronteiras (CPB), \u00f3rg\u00e3o p\u00fablico do pa\u00eds, que n\u00e3o estava mais eleg\u00edvel para a dispensa de visto por ter ido a Cuba em 2023. Calderano tem cidadania e passaporte portugueses, que usufruem de isen\u00e7\u00e3o de visto para entrar nos EUA, assim como os demais cidad\u00e3os de pa\u00edses integrantes da Uni\u00e3o Europeia.<br \/>\n\u201cSegui o mesmo protocolo de todas as viagens anteriores que fiz aos Estados Unidos utilizando o meu passaporte portugu\u00eas. Ao ser informado sobre a situa\u00e7\u00e3o, mobilizei toda a minha equipe para conseguir um visto regular de emerg\u00eancia, mas, infelizmente, n\u00e3o houve tempo h\u00e1bil. \u00c9 frustrante ficar fora de uma das mais importantes competi\u00e7\u00f5es da temporada por quest\u00f5es que fogem do meu controle, especialmente vindo de resultados t\u00e3o positivos&#8221;, lamentou o atual vice-campe\u00e3o mundial de t\u00eanis de mesa.<br \/>\nO brasileiro viajou \u00e0 Cuba para disputar o Campeonato Pan-Americano e o torneio de qualifica\u00e7\u00e3o para os Jogos Ol\u00edmpicos de Paris 2024 \u2013 ambos os eventos foram organizados pela Federa\u00e7\u00e3o Internacional de T\u00eanis de Mesa (ITTF).<br \/>\nAcostumado a viajar aos EUA, o mesatenista solicitou, como de costume, dispensa do visto ao Sistema Eletr\u00f4nico para Autoriza\u00e7\u00e3o de Viagem (ESTA, na sigla em ingl\u00eas). No entanto, mediante \u00e0 demora na confirma\u00e7\u00e3o do pedido, Calderano buscou informa\u00e7\u00f5es sobre a lentid\u00e3o no processo de autoriza\u00e7\u00e3o junto \u00e0 Alf\u00e2ndega e Prote\u00e7\u00e3o de Fronteiras (CPB). Ent\u00e3o descobriu o motivo da n\u00e3o-autoriza\u00e7\u00e3o: a ida \u00e0 Cuba em 2023.<br \/>\nDa\u00ed em diante, a equipe do atleta foi em busca do visto emergencial, contanto inclusive com o apoio da Associa\u00e7\u00e3o de T\u00eanis de Mesa dos Estados Unidos (USATT) e do Comit\u00ea Ol\u00edmpico e Paral\u00edmpico dos Estados Unidos (USOPC). Calderano conseguiu a aprova\u00e7\u00e3o de um agendamento emergencial, mas, segundo a assessoria do atleta, n\u00e3o houve disponibilidade para uma entrevista consular que o permitisse chegar a tempo de competir em Las Vegas.<\/p>\n<p>>> Siga o canal da Ag\u00eancia Brasil no WhatsApp<\/p>\n<p>Na \u00e1rea dedicada a \u201cviagens\u201d no site do governo federal dos EUA, constam restri\u00e7\u00f5es a cidad\u00e3os que fazem parte do Programa de Isen\u00e7\u00e3o de Visto e Preven\u00e7\u00e3o de Viagem Terroristas de 2025. Um das restri\u00e7\u00f5es refere-se a cidad\u00e3os que estiveram em Cuba em ou ap\u00f3s 12 de janeiro de 2021 \u2013 as exce\u00e7\u00f5es seriam limitadas a viagens de fins diplom\u00e1ticas ou militares a servi\u00e7o de um pa\u00eds integrante do Programa de Isen\u00e7\u00e3o.<br \/>\nNo \u00faltimo fim de semana, o brasileiro faturou o WTT Star Contender Ljubljana (Eslov\u00eania). Ap\u00f3s nove temporadas, Calderano encerrou em grande estilo sua trajet\u00f3ria no alem\u00e3o Ochsenhausen, liderando a equipe na conquista da Liga Alem\u00e3 de t\u00eanis de mesa.<\/p>\n","protected":false},"excerpt":{"rendered":"<p>Obst\u00e1culo para dispensa autom\u00e1tica teria sido ida do atleta a Cuba Ag\u00eancia Brasil N\u00famero 3 do mundo, o mesatenista brasileiro Hugo Calderano n\u00e3o poder\u00e1 disputar o WTT Grand Smash dos Estados Unidos, em Las Vegas, devido a um problema in\u00e9dito com o visto de entrada no pa\u00eds. A competi\u00e7\u00e3o &#8211; similar a um Grand Slam [&hellip;]<\/p>\n","protected":false},"author":2,"featured_media":26792,"comment_status":"open","ping_status":"open","sticky":false,"template":"","format":"standard","meta":{"footnotes":""},"categories":[45],"tags":[],"_links":{"self":[{"href":"https:\/\/sabuguinho.com.br\/site\/wp-json\/wp\/v2\/posts\/26787"}],"collection":[{"href":"https:\/\/sabuguinho.com.br\/site\/wp-json\/wp\/v2\/posts"}],"about":[{"href":"https:\/\/sabuguinho.com.br\/site\/wp-json\/wp\/v2\/types\/post"}],"author":[{"embeddable":true,"href":"https:\/\/sabuguinho.com.br\/site\/wp-json\/wp\/v2\/users\/2"}],"replies":[{"embeddable":true,"href":"https:\/\/sabuguinho.com.br\/site\/wp-json\/wp\/v2\/comments?post=26787"}],"version-history":[{"count":1,"href":"https:\/\/sabuguinho.com.br\/site\/wp-json\/wp\/v2\/posts\/26787\/revisions"}],"predecessor-version":[{"id":26793,"href":"https:\/\/sabuguinho.com.br\/site\/wp-json\/wp\/v2\/posts\/26787\/revisions\/26793"}],"wp:featuredmedia":[{"embeddable":true,"href":"https:\/\/sabuguinho.com.br\/site\/wp-json\/wp\/v2\/media\/26792"}],"wp:attachment":[{"href":"https:\/\/sabuguinho.com.br\/site\/wp-json\/wp\/v2\/media?parent=26787"}],"wp:term":[{"taxonomy":"category","embeddable":true,"href":"https:\/\/sabuguinho.com.br\/site\/wp-json\/wp\/v2\/categories?post=26787"},{"taxonomy":"post_tag","embeddable":true,"href":"https:\/\/sabuguinho.com.br\/site\/wp-json\/wp\/v2\/tags?post=26787"}],"curies":[{"name":"wp","href":"https:\/\/api.w.org\/{rel}","templated":true}]}}