{"id":26778,"date":"2025-07-03T20:18:58","date_gmt":"2025-07-03T23:18:58","guid":{"rendered":"https:\/\/sabuguinho.com.br\/site\/?p=26778"},"modified":"2025-07-03T20:18:58","modified_gmt":"2025-07-03T23:18:58","slug":"confira-a-programacao-do-arraia-do-nho-musa","status":"publish","type":"post","link":"https:\/\/sabuguinho.com.br\/site\/confira-a-programacao-do-arraia-do-nho-musa\/","title":{"rendered":"Confira a programa\u00e7\u00e3o do Arrai\u00e1 do Nh\u00f4 Musa"},"content":{"rendered":"<p>Comidas t\u00edpicas, bingos e muita m\u00fasica s\u00e3o destaque no tradicional evento que acontece de 11 a 13 de julho na Concha Ac\u00fastica<\/p>\n<p>Por: REDA\u00c7\u00c3O | SECOM.<\/p>\n<p>A Secretaria Municipal da Cultura convida a popula\u00e7\u00e3o para participar do tradicional Arrai\u00e1 do Nh\u00f4 Musa, que acontece de 11 a 13 de julho na Concha Ac\u00fastica.<br \/>\n\u201cO p\u00fablico vai poder conferir comidas t\u00edpicas em um ambiente familiar com m\u00fasica, bingos e muita divers\u00e3o\u201d, destaca a pasta.<br \/>\nO evento \u00e9 aberto ao p\u00fablico. A edi\u00e7\u00e3o ter\u00e1 a participa\u00e7\u00e3o de entidades de Avar\u00e9, que v\u00e3o comercializar del\u00edcias t\u00edpicas da culin\u00e1ria interiorana.<br \/>\nO cantor Luiz Paulo comanda o agito na sexta-feira, 11. Dani Armando \u00e9 a atra\u00e7\u00e3o musical no s\u00e1bado, 12. J\u00e1 o cantor Samuka sobe ao palco no domingo, 13, encerrando a festa.<\/p>\n<p>Bingos<\/p>\n<p>Quem tentar a sorte nos bingos vai concorrer a diversos pr\u00eamios doados por patrocinadores da tradicional festa avareense.<br \/>\nA premia\u00e7\u00e3o na sexta-feira, 11, \u00e9 uma Air Fryer (cinquina) e um tanquinho (cartela cheia).<br \/>\nNo s\u00e1bado, 12, o pr\u00eamio da cinquina ser\u00e1 novamente uma Air Fryer, enquanto a cartela cheia premia o ganhador com um micro-ondas.<br \/>\nA cinquina no domingo, 13, continua sendo uma Air Fryer, enquanto o pr\u00eamio principal \u00e9 uma TV de 43 polegadas.<\/p>\n<p>Nh\u00f4 Musa<\/p>\n<p>Poeta caipira, Francisco Soares, o Nh\u00f4 Musa, nasceu em Len\u00e7\u00f3is Paulista, mas passou a maior parte da vida em Avar\u00e9.<br \/>\nComandou os programas de r\u00e1dio \u201cLuar do Sert\u00e3o\u201d e \u201cRancho Alegre\u201d, ambos sucesso de audi\u00eancia.<br \/>\n\u00c9 autor do livro \u201cS\u00f3 Poesia\u201d, compila\u00e7\u00e3o que traz seus textos sobre a ro\u00e7a e a vida no interior anteriormente publicados em jornais como \u201cO Avar\u00e9\u201d e \u201cA Comarca\u201d, de Ara\u00e7atuba.<\/p>\n<p>Secretaria de Comunica\u00e7\u00e3o da Est\u00e2ncia Tur\u00edstica de Avar\u00e9<\/p>\n","protected":false},"excerpt":{"rendered":"<p>Comidas t\u00edpicas, bingos e muita m\u00fasica s\u00e3o destaque no tradicional evento que acontece de 11 a 13 de julho na Concha Ac\u00fastica Por: REDA\u00c7\u00c3O | SECOM. A Secretaria Municipal da Cultura convida a popula\u00e7\u00e3o para participar do tradicional Arrai\u00e1 do Nh\u00f4 Musa, que acontece de 11 a 13 de julho na Concha Ac\u00fastica. \u201cO p\u00fablico [&hellip;]<\/p>\n","protected":false},"author":2,"featured_media":26781,"comment_status":"open","ping_status":"open","sticky":false,"template":"","format":"standard","meta":{"footnotes":""},"categories":[58],"tags":[],"_links":{"self":[{"href":"https:\/\/sabuguinho.com.br\/site\/wp-json\/wp\/v2\/posts\/26778"}],"collection":[{"href":"https:\/\/sabuguinho.com.br\/site\/wp-json\/wp\/v2\/posts"}],"about":[{"href":"https:\/\/sabuguinho.com.br\/site\/wp-json\/wp\/v2\/types\/post"}],"author":[{"embeddable":true,"href":"https:\/\/sabuguinho.com.br\/site\/wp-json\/wp\/v2\/users\/2"}],"replies":[{"embeddable":true,"href":"https:\/\/sabuguinho.com.br\/site\/wp-json\/wp\/v2\/comments?post=26778"}],"version-history":[{"count":1,"href":"https:\/\/sabuguinho.com.br\/site\/wp-json\/wp\/v2\/posts\/26778\/revisions"}],"predecessor-version":[{"id":26782,"href":"https:\/\/sabuguinho.com.br\/site\/wp-json\/wp\/v2\/posts\/26778\/revisions\/26782"}],"wp:featuredmedia":[{"embeddable":true,"href":"https:\/\/sabuguinho.com.br\/site\/wp-json\/wp\/v2\/media\/26781"}],"wp:attachment":[{"href":"https:\/\/sabuguinho.com.br\/site\/wp-json\/wp\/v2\/media?parent=26778"}],"wp:term":[{"taxonomy":"category","embeddable":true,"href":"https:\/\/sabuguinho.com.br\/site\/wp-json\/wp\/v2\/categories?post=26778"},{"taxonomy":"post_tag","embeddable":true,"href":"https:\/\/sabuguinho.com.br\/site\/wp-json\/wp\/v2\/tags?post=26778"}],"curies":[{"name":"wp","href":"https:\/\/api.w.org\/{rel}","templated":true}]}}