{"id":26765,"date":"2025-07-03T17:04:45","date_gmt":"2025-07-03T20:04:45","guid":{"rendered":"https:\/\/sabuguinho.com.br\/site\/?p=26765"},"modified":"2025-07-03T17:04:45","modified_gmt":"2025-07-03T20:04:45","slug":"vereadores-aprovam-concessao-de-uso-de-imovel-a-associacao-paulista-de-equoterapia","status":"publish","type":"post","link":"https:\/\/sabuguinho.com.br\/site\/vereadores-aprovam-concessao-de-uso-de-imovel-a-associacao-paulista-de-equoterapia\/","title":{"rendered":"Vereadores aprovam concess\u00e3o de uso de im\u00f3vel \u00e0 Associa\u00e7\u00e3o Paulista de Equoterapia"},"content":{"rendered":"<p>A \u00faltima sess\u00e3o ordin\u00e1ria do primeiro semestre de 2025 na C\u00e2mara Municipal de Avar\u00e9, realizada na segunda-feira, 30, foi marcada pelo fim de uma pol\u00eamica que havia se instalado na cidade nos \u00faltimos dias envolvendo a sede da Associa\u00e7\u00e3o Paulista de Equoterapia (APE).<br \/>\nLocalizada em uma \u00e1rea dentro do Parque Dr. Fernando Cruz Pimentel, a entidade em quest\u00e3o precisava de regulamenta\u00e7\u00e3o oficial para dar continuidade \u00e0s suas atividades, j\u00e1 que vinha funcionando de forma irregular sem a devida concess\u00e3o de uso por parte da prefeitura e isso acabou gerando rumores de que a associa\u00e7\u00e3o teria que deixar o im\u00f3vel.<br \/>\nO projeto de lei 163\/2025 de autoria do Executivo, que disp\u00f5e sobre a concess\u00e3o de uso de im\u00f3vel de propriedade da prefeitura \u00e0 APE, depois de tramitar pelas comiss\u00f5es da C\u00e2mara, foi posto em discuss\u00e3o e vota\u00e7\u00e3o na sess\u00e3o de segunda-feira, 30, a \u00faltima do primeiro semestre, e acabou aprovado por unanimidade sob aplausos de membros da APE.<br \/>\nA partir de agora, a associa\u00e7\u00e3o poder\u00e1 usufruir do espa\u00e7o pelo per\u00edodo de 4 (quatro) anos, renov\u00e1veis por igual per\u00edodo, se comprometendo a realizar todos os atendimentos, dentro do espa\u00e7o cedido gratuitamente, sem auferir quaisquer lucros ou realizar cobran\u00e7a de mensalidades e\/ou tratamentos aos seus pacientes assistidos.<br \/>\nEm sua justificativa, o Executivo afirma que \u201co trabalho de Equoterapia realizado pela Associa\u00e7\u00e3o em quest\u00e3o \u00e9 de extrema import\u00e2ncia para o munic\u00edpio, eis que a mesma atende pessoas com v\u00e1rios tipos de defici\u00eancia intelectuais e mentais, al\u00e9m de estar em plena expans\u00e3o de atendimento, pois, com a cess\u00e3o do  espa\u00e7o poder\u00e1 prestar assist\u00eancia para mais patologias como Autismo, Sindrome de Down, AVE, Paralisia Cerebral, Atraso de Desenvolvimento Psicomotor, \u00cdDAE, Dislexia, dentre outras patologias\u201d.<\/p>\n<p>legenda: Projeto de Lei foi aprovado por unanimidade na sess\u00e3o de segunda-feira, 30<\/p>\n<p>Fonte da Foto: Assessoria<\/p>\n","protected":false},"excerpt":{"rendered":"<p>A \u00faltima sess\u00e3o ordin\u00e1ria do primeiro semestre de 2025 na C\u00e2mara Municipal de Avar\u00e9, realizada na segunda-feira, 30, foi marcada pelo fim de uma pol\u00eamica que havia se instalado na cidade nos \u00faltimos dias envolvendo a sede da Associa\u00e7\u00e3o Paulista de Equoterapia (APE). Localizada em uma \u00e1rea dentro do Parque Dr. Fernando Cruz Pimentel, a [&hellip;]<\/p>\n","protected":false},"author":2,"featured_media":26770,"comment_status":"open","ping_status":"open","sticky":false,"template":"","format":"standard","meta":{"footnotes":""},"categories":[58],"tags":[],"_links":{"self":[{"href":"https:\/\/sabuguinho.com.br\/site\/wp-json\/wp\/v2\/posts\/26765"}],"collection":[{"href":"https:\/\/sabuguinho.com.br\/site\/wp-json\/wp\/v2\/posts"}],"about":[{"href":"https:\/\/sabuguinho.com.br\/site\/wp-json\/wp\/v2\/types\/post"}],"author":[{"embeddable":true,"href":"https:\/\/sabuguinho.com.br\/site\/wp-json\/wp\/v2\/users\/2"}],"replies":[{"embeddable":true,"href":"https:\/\/sabuguinho.com.br\/site\/wp-json\/wp\/v2\/comments?post=26765"}],"version-history":[{"count":1,"href":"https:\/\/sabuguinho.com.br\/site\/wp-json\/wp\/v2\/posts\/26765\/revisions"}],"predecessor-version":[{"id":26771,"href":"https:\/\/sabuguinho.com.br\/site\/wp-json\/wp\/v2\/posts\/26765\/revisions\/26771"}],"wp:featuredmedia":[{"embeddable":true,"href":"https:\/\/sabuguinho.com.br\/site\/wp-json\/wp\/v2\/media\/26770"}],"wp:attachment":[{"href":"https:\/\/sabuguinho.com.br\/site\/wp-json\/wp\/v2\/media?parent=26765"}],"wp:term":[{"taxonomy":"category","embeddable":true,"href":"https:\/\/sabuguinho.com.br\/site\/wp-json\/wp\/v2\/categories?post=26765"},{"taxonomy":"post_tag","embeddable":true,"href":"https:\/\/sabuguinho.com.br\/site\/wp-json\/wp\/v2\/tags?post=26765"}],"curies":[{"name":"wp","href":"https:\/\/api.w.org\/{rel}","templated":true}]}}