{"id":26703,"date":"2025-07-03T11:04:01","date_gmt":"2025-07-03T14:04:01","guid":{"rendered":"https:\/\/sabuguinho.com.br\/site\/?p=26703"},"modified":"2025-07-03T11:04:01","modified_gmt":"2025-07-03T14:04:01","slug":"jovem-de-19-anos-morre-apos-acidente-de-moto-em-avare","status":"publish","type":"post","link":"https:\/\/sabuguinho.com.br\/site\/jovem-de-19-anos-morre-apos-acidente-de-moto-em-avare\/","title":{"rendered":"JOVEM DE 19 ANOS MORRE AP\u00d3S ACIDENTE DE MOTO EM AVAR\u00c9"},"content":{"rendered":"<p>Um grave acidente de moto ocorrido na noite do \u00faltimo s\u00e1bado, 28 de junho, em Avar\u00e9, resultou na morte de Gabriel Cardoso, de 19 anos. O jovem n\u00e3o resistiu aos ferimentos e faleceu nesta quarta-feira, 2 de julho, na UTI da Santa Casa de Miseric\u00f3rdia.<br \/>\nO acidente foi registrado na Rua Joaquim Lu\u00eds de Souza, que margeia a Rodovia Jo\u00e3o Mell\u00e3o (SP-255), pr\u00f3ximo ao Posto Bizung\u00e3o. De acordo com informa\u00e7\u00f5es apuradas pela reportagem, Gabriel trafegava pela via quando perdeu o controle do ve\u00edculo.<br \/>\nInforma\u00e7\u00f5es do Sudoeste Paulista indicam que ele estaria empinando a moto no momento em que perdeu o controle, o que teria causado o acidente.<br \/>\nGabriel Cardoso chegou a ser socorrido pelo Resgate do Corpo de Bombeiros e foi encaminhado ao Pronto Socorro Municipal. Apesar de ter sido atendido e internado na UTI com graves ferimentos na cabe\u00e7a, ele n\u00e3o resistiu.<br \/>\nAs causas exatas do acidente ser\u00e3o investigadas.<br \/>\nO corpo de Gabriel est\u00e1 sendo velado no vel\u00f3rio municipal e o sepultamento est\u00e1 marcado para as 9 horas desta quinta-feira, 3 de julho, no Cemit\u00e9rio Municipal de Avar\u00e9.<\/p>\n<p><img loading=\"lazy\" decoding=\"async\" src=\"https:\/\/sabuguinho.com.br\/site\/wp-content\/uploads\/2025\/07\/foto-1140x1696-1-101x150.jpg\" alt=\"\" width=\"101\" height=\"150\" class=\"alignnone size-medium wp-image-26704\" srcset=\"https:\/\/sabuguinho.com.br\/site\/wp-content\/uploads\/2025\/07\/foto-1140x1696-1-101x150.jpg 101w, https:\/\/sabuguinho.com.br\/site\/wp-content\/uploads\/2025\/07\/foto-1140x1696-1-344x512.jpg 344w, https:\/\/sabuguinho.com.br\/site\/wp-content\/uploads\/2025\/07\/foto-1140x1696-1-768x1143.jpg 768w, https:\/\/sabuguinho.com.br\/site\/wp-content\/uploads\/2025\/07\/foto-1140x1696-1-1032x1536.jpg 1032w, https:\/\/sabuguinho.com.br\/site\/wp-content\/uploads\/2025\/07\/foto-1140x1696-1-750x1116.jpg 750w, https:\/\/sabuguinho.com.br\/site\/wp-content\/uploads\/2025\/07\/foto-1140x1696-1.jpg 1140w\" sizes=\"(max-width: 101px) 100vw, 101px\" \/><\/p>\n","protected":false},"excerpt":{"rendered":"<p>Um grave acidente de moto ocorrido na noite do \u00faltimo s\u00e1bado, 28 de junho, em Avar\u00e9, resultou na morte de Gabriel Cardoso, de 19 anos. O jovem n\u00e3o resistiu aos ferimentos e faleceu nesta quarta-feira, 2 de julho, na UTI da Santa Casa de Miseric\u00f3rdia. O acidente foi registrado na Rua Joaquim Lu\u00eds de Souza, [&hellip;]<\/p>\n","protected":false},"author":2,"featured_media":26705,"comment_status":"open","ping_status":"open","sticky":false,"template":"","format":"standard","meta":{"footnotes":""},"categories":[52],"tags":[],"_links":{"self":[{"href":"https:\/\/sabuguinho.com.br\/site\/wp-json\/wp\/v2\/posts\/26703"}],"collection":[{"href":"https:\/\/sabuguinho.com.br\/site\/wp-json\/wp\/v2\/posts"}],"about":[{"href":"https:\/\/sabuguinho.com.br\/site\/wp-json\/wp\/v2\/types\/post"}],"author":[{"embeddable":true,"href":"https:\/\/sabuguinho.com.br\/site\/wp-json\/wp\/v2\/users\/2"}],"replies":[{"embeddable":true,"href":"https:\/\/sabuguinho.com.br\/site\/wp-json\/wp\/v2\/comments?post=26703"}],"version-history":[{"count":1,"href":"https:\/\/sabuguinho.com.br\/site\/wp-json\/wp\/v2\/posts\/26703\/revisions"}],"predecessor-version":[{"id":26706,"href":"https:\/\/sabuguinho.com.br\/site\/wp-json\/wp\/v2\/posts\/26703\/revisions\/26706"}],"wp:featuredmedia":[{"embeddable":true,"href":"https:\/\/sabuguinho.com.br\/site\/wp-json\/wp\/v2\/media\/26705"}],"wp:attachment":[{"href":"https:\/\/sabuguinho.com.br\/site\/wp-json\/wp\/v2\/media?parent=26703"}],"wp:term":[{"taxonomy":"category","embeddable":true,"href":"https:\/\/sabuguinho.com.br\/site\/wp-json\/wp\/v2\/categories?post=26703"},{"taxonomy":"post_tag","embeddable":true,"href":"https:\/\/sabuguinho.com.br\/site\/wp-json\/wp\/v2\/tags?post=26703"}],"curies":[{"name":"wp","href":"https:\/\/api.w.org\/{rel}","templated":true}]}}