{"id":26696,"date":"2025-07-03T10:51:45","date_gmt":"2025-07-03T13:51:45","guid":{"rendered":"https:\/\/sabuguinho.com.br\/site\/?p=26696"},"modified":"2025-07-03T10:51:51","modified_gmt":"2025-07-03T13:51:51","slug":"jovem-usa-tribuna-livre-para-conclamar-juventude-de-avare-a-participacao-politica","status":"publish","type":"post","link":"https:\/\/sabuguinho.com.br\/site\/jovem-usa-tribuna-livre-para-conclamar-juventude-de-avare-a-participacao-politica\/","title":{"rendered":"JOVEM USA TRIBUNA LIVRE PARA CONCLAMAR JUVENTUDE DE AVAR\u00c9 \u00c0 PARTICIPA\u00c7\u00c3O POL\u00cdTICA"},"content":{"rendered":"<p>A \u00faltima sess\u00e3o ordin\u00e1ria da C\u00e2mara Municipal de Avar\u00e9, na segunda-feira, dia 30 de junho, foi palco de um momento inspirador na Tribuna Livre, espa\u00e7o dedicado \u00e0 manifesta\u00e7\u00e3o popular. Vin\u00edcius Barreira, um jovem de 21 anos e estudante do 1\u00ba Termo de Jornalismo da Uneduvale, utilizou o p\u00falpito para fazer um veemente apelo \u00e0 participa\u00e7\u00e3o pol\u00edtica da juventude avareense.<br \/>\nCom uma postura questionadora, Vin\u00edcius iniciou seu discurso provocando a plateia e os representantes eleitos. \u201cHoje, subo a esta tribuna n\u00e3o apenas como cidad\u00e3o, mas como jovem. Um jovem que tem feito quest\u00e3o de acompanhar as sess\u00f5es desta Casa de Leis. E \u00e9 justamente por isso que venho levantar uma reflex\u00e3o: onde est\u00e3o os outros jovens? Onde est\u00e3o aqueles que, como eu, tamb\u00e9m t\u00eam o direito \u2013 e o dever \u2013 de participar da vida pol\u00edtica de sua cidade?\u201d.<br \/>\nPara o estudante, a atual desmotiva\u00e7\u00e3o e o sentimento de invisibilidade da juventude em rela\u00e7\u00e3o \u00e0 pol\u00edtica s\u00e3o um problema grave. Ele criticou a constante desqualifica\u00e7\u00e3o dos jovens, que frequentemente ouvem que \u201cn\u00e3o entendem de nada\u201d, que lhes \u201cfalta maturidade\u201d ou \u201cexperi\u00eancia\u201d. Em resposta, Vin\u00edcius indagou: \u201cComo teremos experi\u00eancia se nunca nos derem a oportunidade de participar? Como vamos transformar a pol\u00edtica se n\u00e3o abrirmos espa\u00e7o para novas ideias, novos rostos, novas formas de fazer pol\u00edtica?\u201d.<br \/>\nVin\u00edcius tamb\u00e9m destacou a cria\u00e7\u00e3o da Secretaria Municipal da Juventude pela atual administra\u00e7\u00e3o, classificando-a como um passo \u201cimportante, simb\u00f3lico e real\u201d. Para ele, a iniciativa demonstra que a juventude n\u00e3o \u00e9 mais apenas um discurso, mas uma prioridade de gest\u00e3o. \u201cQue bom saber que temos um governo que acredita no jovem, que abre espa\u00e7o e que convida a juventude a ser parte da constru\u00e7\u00e3o do futuro\u201d, afirmou.<br \/>\nEncerrando sua fala com uma mensagem carregada de \u201cindigna\u00e7\u00e3o e esperan\u00e7a\u201d, o jovem ressaltou que muitos jovens se afastam da pol\u00edtica por consider\u00e1-la \u201cchata, dif\u00edcil, s\u00f3 tem ladr\u00e3o, que ningu\u00e9m presta\u201d. No entanto, deixou um conselho contundente: \u201cMas quando voc\u00ea n\u00e3o estiver mais acreditando em ningu\u00e9m \u2013 nem nos vereadores, nem no prefeito, nem no governador, nem no presidente \u2013 n\u00e3o desanime. Pense que o pol\u00edtico honesto, comprometido e transformador pode ser voc\u00ea\u201d.<br \/>\nA participa\u00e7\u00e3o de Vin\u00edcius foi amplamente elogiada pelos vereadores presentes, que reconheceram a relev\u00e2ncia do tema e a necessidade de mais lideran\u00e7as jovens em Avar\u00e9, incentivando a apresenta\u00e7\u00e3o de pautas que contemplem a faixa et\u00e1ria entre 16 e 24 anos.<br \/>\nO discurso do jovem jornalista se transformou em um chamado \u00e0 a\u00e7\u00e3o, lembrando que \u201ca juventude existe, \u00e9 viva e, apesar de tudo, sobrevive. Que essa sobreviv\u00eancia se transforme em a\u00e7\u00e3o. Que a esperan\u00e7a se transforme em presen\u00e7a. E que a pol\u00edtica volte a ser lugar de sonhos \u2013 inclusive os nossos\u201d.<\/p>\n","protected":false},"excerpt":{"rendered":"<p>A \u00faltima sess\u00e3o ordin\u00e1ria da C\u00e2mara Municipal de Avar\u00e9, na segunda-feira, dia 30 de junho, foi palco de um momento inspirador na Tribuna Livre, espa\u00e7o dedicado \u00e0 manifesta\u00e7\u00e3o popular. Vin\u00edcius Barreira, um jovem de 21 anos e estudante do 1\u00ba Termo de Jornalismo da Uneduvale, utilizou o p\u00falpito para fazer um veemente apelo \u00e0 participa\u00e7\u00e3o [&hellip;]<\/p>\n","protected":false},"author":2,"featured_media":26697,"comment_status":"open","ping_status":"open","sticky":false,"template":"","format":"standard","meta":{"footnotes":""},"categories":[58],"tags":[],"_links":{"self":[{"href":"https:\/\/sabuguinho.com.br\/site\/wp-json\/wp\/v2\/posts\/26696"}],"collection":[{"href":"https:\/\/sabuguinho.com.br\/site\/wp-json\/wp\/v2\/posts"}],"about":[{"href":"https:\/\/sabuguinho.com.br\/site\/wp-json\/wp\/v2\/types\/post"}],"author":[{"embeddable":true,"href":"https:\/\/sabuguinho.com.br\/site\/wp-json\/wp\/v2\/users\/2"}],"replies":[{"embeddable":true,"href":"https:\/\/sabuguinho.com.br\/site\/wp-json\/wp\/v2\/comments?post=26696"}],"version-history":[{"count":1,"href":"https:\/\/sabuguinho.com.br\/site\/wp-json\/wp\/v2\/posts\/26696\/revisions"}],"predecessor-version":[{"id":26698,"href":"https:\/\/sabuguinho.com.br\/site\/wp-json\/wp\/v2\/posts\/26696\/revisions\/26698"}],"wp:featuredmedia":[{"embeddable":true,"href":"https:\/\/sabuguinho.com.br\/site\/wp-json\/wp\/v2\/media\/26697"}],"wp:attachment":[{"href":"https:\/\/sabuguinho.com.br\/site\/wp-json\/wp\/v2\/media?parent=26696"}],"wp:term":[{"taxonomy":"category","embeddable":true,"href":"https:\/\/sabuguinho.com.br\/site\/wp-json\/wp\/v2\/categories?post=26696"},{"taxonomy":"post_tag","embeddable":true,"href":"https:\/\/sabuguinho.com.br\/site\/wp-json\/wp\/v2\/tags?post=26696"}],"curies":[{"name":"wp","href":"https:\/\/api.w.org\/{rel}","templated":true}]}}