{"id":26685,"date":"2025-07-02T16:46:32","date_gmt":"2025-07-02T19:46:32","guid":{"rendered":"https:\/\/sabuguinho.com.br\/site\/?p=26685"},"modified":"2025-07-02T16:46:32","modified_gmt":"2025-07-02T19:46:32","slug":"educacao-profissionais-de-suporte-a-crianca-com-deficiencia-recebem-formacao","status":"publish","type":"post","link":"https:\/\/sabuguinho.com.br\/site\/educacao-profissionais-de-suporte-a-crianca-com-deficiencia-recebem-formacao\/","title":{"rendered":"EDUCA\u00c7\u00c3O  Profissionais de suporte \u00e0 crian\u00e7a com defici\u00eancia recebem forma\u00e7\u00e3o"},"content":{"rendered":"<p>Atividade coordenada pelo CPAEE reuniu professores, ADIs e outros servidores da Rede Municipal de Ensino<\/p>\n<p>Profissionais do Suporte Emergencial \u00e0s crian\u00e7as com defici\u00eancia participaram de uma forma\u00e7\u00e3o pedag\u00f3gica realizada pelo Centro Pedag\u00f3gico e Administrativo de Educa\u00e7\u00e3o Especial (CPAEE).<br \/>\nLigado \u00e0 Secretaria Municipal de Educa\u00e7\u00e3o, o CPAEE promove a inclus\u00e3o de crian\u00e7as com defici\u00eancia na Rede Municipal de Ensino.<br \/>\nCerca de 80 t\u00e9cnicos participaram da atividade, incluindo auxiliares de Desenvolvimento Infantil (ADIs), monitores, estagi\u00e1rios e professores, profissionais que atuam diretamente na sala regular no atendimento \u00e0s crian\u00e7as com defici\u00eancia<br \/>\nOs encontros realizados entre 30 de junho e 2 de julho proporcionaram reflex\u00f5es sobre o cotidiano do ambiente escolar e tamb\u00e9m incentivaram o debate sobre a adapta\u00e7\u00e3o de materiais para o desenvolvimento dos alunos.<br \/>\nOs profissionais participaram ainda de um circuito para sentir, na pr\u00e1tica, a import\u00e2ncia das atividades l\u00fadicas e motoras para as crian\u00e7as com defici\u00eancia.<br \/>\nSob a coordena\u00e7\u00e3o de assistentes t\u00e9cnicos em Psicopedagogia, foram realizadas oficinas para a constru\u00e7\u00e3o de uma caixa de regula\u00e7\u00e3o sensorial e emocional, recurso acess\u00edvel e l\u00fadico para favorecer a autorregula\u00e7\u00e3o emocional e sensorial no ambiente escolar, contribuindo para o bem-estar, a concentra\u00e7\u00e3o e a inclus\u00e3o dos alunos.<br \/>\n\u201cTeve at\u00e9 momento de medita\u00e7\u00e3o para autoconhecimento. Para cuidar bem das crian\u00e7as, os profissionais precisam estar bem\u201d, destaca o CPAEE.<\/p>\n<p><img loading=\"lazy\" decoding=\"async\" src=\"https:\/\/sabuguinho.com.br\/site\/wp-content\/uploads\/2025\/07\/Formacao-reuniu-profissionais-da-Rede-Municipal-de-Ensino-2-150x101.jpeg\" alt=\"\" width=\"150\" height=\"101\" class=\"alignnone size-medium wp-image-26686\" srcset=\"https:\/\/sabuguinho.com.br\/site\/wp-content\/uploads\/2025\/07\/Formacao-reuniu-profissionais-da-Rede-Municipal-de-Ensino-2-150x101.jpeg 150w, https:\/\/sabuguinho.com.br\/site\/wp-content\/uploads\/2025\/07\/Formacao-reuniu-profissionais-da-Rede-Municipal-de-Ensino-2-512x346.jpeg 512w, https:\/\/sabuguinho.com.br\/site\/wp-content\/uploads\/2025\/07\/Formacao-reuniu-profissionais-da-Rede-Municipal-de-Ensino-2-768x518.jpeg 768w, https:\/\/sabuguinho.com.br\/site\/wp-content\/uploads\/2025\/07\/Formacao-reuniu-profissionais-da-Rede-Municipal-de-Ensino-2-750x506.jpeg 750w, https:\/\/sabuguinho.com.br\/site\/wp-content\/uploads\/2025\/07\/Formacao-reuniu-profissionais-da-Rede-Municipal-de-Ensino-2.jpeg 960w\" sizes=\"(max-width: 150px) 100vw, 150px\" \/><\/p>\n","protected":false},"excerpt":{"rendered":"<p>Atividade coordenada pelo CPAEE reuniu professores, ADIs e outros servidores da Rede Municipal de Ensino Profissionais do Suporte Emergencial \u00e0s crian\u00e7as com defici\u00eancia participaram de uma forma\u00e7\u00e3o pedag\u00f3gica realizada pelo Centro Pedag\u00f3gico e Administrativo de Educa\u00e7\u00e3o Especial (CPAEE). Ligado \u00e0 Secretaria Municipal de Educa\u00e7\u00e3o, o CPAEE promove a inclus\u00e3o de crian\u00e7as com defici\u00eancia na Rede [&hellip;]<\/p>\n","protected":false},"author":2,"featured_media":26687,"comment_status":"open","ping_status":"open","sticky":false,"template":"","format":"standard","meta":{"footnotes":""},"categories":[58],"tags":[],"_links":{"self":[{"href":"https:\/\/sabuguinho.com.br\/site\/wp-json\/wp\/v2\/posts\/26685"}],"collection":[{"href":"https:\/\/sabuguinho.com.br\/site\/wp-json\/wp\/v2\/posts"}],"about":[{"href":"https:\/\/sabuguinho.com.br\/site\/wp-json\/wp\/v2\/types\/post"}],"author":[{"embeddable":true,"href":"https:\/\/sabuguinho.com.br\/site\/wp-json\/wp\/v2\/users\/2"}],"replies":[{"embeddable":true,"href":"https:\/\/sabuguinho.com.br\/site\/wp-json\/wp\/v2\/comments?post=26685"}],"version-history":[{"count":1,"href":"https:\/\/sabuguinho.com.br\/site\/wp-json\/wp\/v2\/posts\/26685\/revisions"}],"predecessor-version":[{"id":26688,"href":"https:\/\/sabuguinho.com.br\/site\/wp-json\/wp\/v2\/posts\/26685\/revisions\/26688"}],"wp:featuredmedia":[{"embeddable":true,"href":"https:\/\/sabuguinho.com.br\/site\/wp-json\/wp\/v2\/media\/26687"}],"wp:attachment":[{"href":"https:\/\/sabuguinho.com.br\/site\/wp-json\/wp\/v2\/media?parent=26685"}],"wp:term":[{"taxonomy":"category","embeddable":true,"href":"https:\/\/sabuguinho.com.br\/site\/wp-json\/wp\/v2\/categories?post=26685"},{"taxonomy":"post_tag","embeddable":true,"href":"https:\/\/sabuguinho.com.br\/site\/wp-json\/wp\/v2\/tags?post=26685"}],"curies":[{"name":"wp","href":"https:\/\/api.w.org\/{rel}","templated":true}]}}