{"id":26677,"date":"2025-07-02T16:40:21","date_gmt":"2025-07-02T19:40:21","guid":{"rendered":"https:\/\/sabuguinho.com.br\/site\/?p=26677"},"modified":"2025-07-02T16:40:21","modified_gmt":"2025-07-02T19:40:21","slug":"esporte-avareense-conquista-titulo-de-campeao-pan-americano-de-luta-de-braco-na-argentina","status":"publish","type":"post","link":"https:\/\/sabuguinho.com.br\/site\/esporte-avareense-conquista-titulo-de-campeao-pan-americano-de-luta-de-braco-na-argentina\/","title":{"rendered":"ESPORTE  Avareense conquista t\u00edtulo de campe\u00e3o pan-americano de luta de bra\u00e7o na Argentina"},"content":{"rendered":"<p>Dorrion Guerra obteve vit\u00f3ria in\u00e9dita em Buenos Aires e ganhou vaga para disputar mundial que acontece em setembro na Bulg\u00e1ria<\/p>\n<p>O avareense Dorrion Guerra conquistou o t\u00edtulo de campe\u00e3o no Campeonato Pan-Americano de Luta de Bra\u00e7o realizado entre 27 e 29 de junho na Argentina.<br \/>\nO atleta venceu a categoria \u201cAt\u00e9 110 kg, Bra\u00e7o Direito\u201d. Guerra ficou \u00e0 frente do costa-riquenho Alvarez Norlan e do atleta da casa Godoy Tobias, sagrando-se campe\u00e3o pan-americano no evento que teve Buenos Aires como sede.<br \/>\nEssa \u00e9 a primeira vit\u00f3ria internacional de Dorrion, que compete desde 2006 e j\u00e1 foi campe\u00e3o paulista e brasileiro.<\/p>\n<p>Mundial<\/p>\n<p>A conquista representa um importante passo na sua trajet\u00f3ria profissional. \u201cCom esse t\u00edtulo, eu ganhei uma vaga para disputar o mundial que ser\u00e1 realizado em setembro na Bulg\u00e1ria\u201d, comemora o atleta.<br \/>\nO esportista tem apoio da Secretaria Municipal de Esporte e Lazer, que comemorou mais esse feito do atleta.<br \/>\n\u201cN\u00e3o \u00e9 de hoje que Dorrion vem inscrevendo o nome de Avar\u00e9 no pante\u00e3o da luta de bra\u00e7o. Outras importantes vit\u00f3rias est\u00e3o por vir\u201d, comemora o secret\u00e1rio Carlos Roberto \u201cBagaceira\u201d dos Santos.<\/p>\n","protected":false},"excerpt":{"rendered":"<p>Dorrion Guerra obteve vit\u00f3ria in\u00e9dita em Buenos Aires e ganhou vaga para disputar mundial que acontece em setembro na Bulg\u00e1ria O avareense Dorrion Guerra conquistou o t\u00edtulo de campe\u00e3o no Campeonato Pan-Americano de Luta de Bra\u00e7o realizado entre 27 e 29 de junho na Argentina. O atleta venceu a categoria \u201cAt\u00e9 110 kg, Bra\u00e7o Direito\u201d. [&hellip;]<\/p>\n","protected":false},"author":2,"featured_media":26678,"comment_status":"open","ping_status":"open","sticky":false,"template":"","format":"standard","meta":{"footnotes":""},"categories":[45],"tags":[],"_links":{"self":[{"href":"https:\/\/sabuguinho.com.br\/site\/wp-json\/wp\/v2\/posts\/26677"}],"collection":[{"href":"https:\/\/sabuguinho.com.br\/site\/wp-json\/wp\/v2\/posts"}],"about":[{"href":"https:\/\/sabuguinho.com.br\/site\/wp-json\/wp\/v2\/types\/post"}],"author":[{"embeddable":true,"href":"https:\/\/sabuguinho.com.br\/site\/wp-json\/wp\/v2\/users\/2"}],"replies":[{"embeddable":true,"href":"https:\/\/sabuguinho.com.br\/site\/wp-json\/wp\/v2\/comments?post=26677"}],"version-history":[{"count":1,"href":"https:\/\/sabuguinho.com.br\/site\/wp-json\/wp\/v2\/posts\/26677\/revisions"}],"predecessor-version":[{"id":26679,"href":"https:\/\/sabuguinho.com.br\/site\/wp-json\/wp\/v2\/posts\/26677\/revisions\/26679"}],"wp:featuredmedia":[{"embeddable":true,"href":"https:\/\/sabuguinho.com.br\/site\/wp-json\/wp\/v2\/media\/26678"}],"wp:attachment":[{"href":"https:\/\/sabuguinho.com.br\/site\/wp-json\/wp\/v2\/media?parent=26677"}],"wp:term":[{"taxonomy":"category","embeddable":true,"href":"https:\/\/sabuguinho.com.br\/site\/wp-json\/wp\/v2\/categories?post=26677"},{"taxonomy":"post_tag","embeddable":true,"href":"https:\/\/sabuguinho.com.br\/site\/wp-json\/wp\/v2\/tags?post=26677"}],"curies":[{"name":"wp","href":"https:\/\/api.w.org\/{rel}","templated":true}]}}