{"id":26641,"date":"2025-07-02T12:09:57","date_gmt":"2025-07-02T15:09:57","guid":{"rendered":"https:\/\/sabuguinho.com.br\/site\/?p=26641"},"modified":"2025-07-02T12:09:57","modified_gmt":"2025-07-02T15:09:57","slug":"projeto-leva-alunos-da-escola-clarindo-macedo-a-museus-em-sao-paulo","status":"publish","type":"post","link":"https:\/\/sabuguinho.com.br\/site\/projeto-leva-alunos-da-escola-clarindo-macedo-a-museus-em-sao-paulo\/","title":{"rendered":"Projeto leva alunos da escola Clarindo Macedo a museus em S\u00e3o Paulo"},"content":{"rendered":"<p>Trabalho conduzido pela professora Maria Cl\u00e1udia foi desenvolvido na disciplina de Arte<\/p>\n<p>Por: REDA\u00c7\u00c3O | SECOM.<\/p>\n<p>Mais do que uma aula de arte, uma viv\u00eancia transformadora. Um projeto da Escola Municipal Clarindo Macedo levou alunos para visitar o Museu de Arte de S\u00e3o Paulo (MASP), a Pinacoteca e o Museu da L\u00edngua Portuguesa, em S\u00e3o Paulo.<br \/>\nA ida \u00e0 capital paulista \u00e9 a etapa final do trabalho desenvolvido ao longo do semestre pela professora de Arte Maria Cl\u00e1udia Contrucci Dantas Sousa.<br \/>\n\u201cA proposta \u00e9 ampliar o repert\u00f3rio cultural dos estudantes, aproximando os alunos do universo das artes visuais e da hist\u00f3ria da nossa l\u00edngua\u201d, destaca a docente.<br \/>\nO projeto teve in\u00edcio no primeiro bimestre. Durante as aulas, os alunos estudaram o conceito de museu, conheceram a hist\u00f3ria de cada institui\u00e7\u00e3o, exploraram seus acervos e a diversidade de artistas e obras que fazem parte destes espa\u00e7os.<br \/>\nO ponto alto do projeto foi a t\u00e3o aguardada visita. \u201cPara muitos alunos, foi a primeira vez em um museu, uma experi\u00eancia marcante e inesquec\u00edvel\u201d, destaca a professora.<br \/>\nUm dos destaques da viagem foi a exposi\u00e7\u00e3o in\u00e9dita Ecologia de Monet, dedicada ao renomado pintor impressionista Claude Monet, em cartaz no MASP.<br \/>\nA visita contou com o apoio da Secretaria Municipal da Educa\u00e7\u00e3o, da diretora Juliana dos Santos, da coordenadora pedag\u00f3gica Elaine Guedes e de toda a equipe da Escola Municipal Clarindo Macedo.<\/p>\n","protected":false},"excerpt":{"rendered":"<p>Trabalho conduzido pela professora Maria Cl\u00e1udia foi desenvolvido na disciplina de Arte Por: REDA\u00c7\u00c3O | SECOM. Mais do que uma aula de arte, uma viv\u00eancia transformadora. Um projeto da Escola Municipal Clarindo Macedo levou alunos para visitar o Museu de Arte de S\u00e3o Paulo (MASP), a Pinacoteca e o Museu da L\u00edngua Portuguesa, em S\u00e3o [&hellip;]<\/p>\n","protected":false},"author":2,"featured_media":26642,"comment_status":"open","ping_status":"open","sticky":false,"template":"","format":"standard","meta":{"footnotes":""},"categories":[1],"tags":[],"_links":{"self":[{"href":"https:\/\/sabuguinho.com.br\/site\/wp-json\/wp\/v2\/posts\/26641"}],"collection":[{"href":"https:\/\/sabuguinho.com.br\/site\/wp-json\/wp\/v2\/posts"}],"about":[{"href":"https:\/\/sabuguinho.com.br\/site\/wp-json\/wp\/v2\/types\/post"}],"author":[{"embeddable":true,"href":"https:\/\/sabuguinho.com.br\/site\/wp-json\/wp\/v2\/users\/2"}],"replies":[{"embeddable":true,"href":"https:\/\/sabuguinho.com.br\/site\/wp-json\/wp\/v2\/comments?post=26641"}],"version-history":[{"count":1,"href":"https:\/\/sabuguinho.com.br\/site\/wp-json\/wp\/v2\/posts\/26641\/revisions"}],"predecessor-version":[{"id":26643,"href":"https:\/\/sabuguinho.com.br\/site\/wp-json\/wp\/v2\/posts\/26641\/revisions\/26643"}],"wp:featuredmedia":[{"embeddable":true,"href":"https:\/\/sabuguinho.com.br\/site\/wp-json\/wp\/v2\/media\/26642"}],"wp:attachment":[{"href":"https:\/\/sabuguinho.com.br\/site\/wp-json\/wp\/v2\/media?parent=26641"}],"wp:term":[{"taxonomy":"category","embeddable":true,"href":"https:\/\/sabuguinho.com.br\/site\/wp-json\/wp\/v2\/categories?post=26641"},{"taxonomy":"post_tag","embeddable":true,"href":"https:\/\/sabuguinho.com.br\/site\/wp-json\/wp\/v2\/tags?post=26641"}],"curies":[{"name":"wp","href":"https:\/\/api.w.org\/{rel}","templated":true}]}}