{"id":26633,"date":"2025-07-02T10:42:32","date_gmt":"2025-07-02T13:42:32","guid":{"rendered":"https:\/\/sabuguinho.com.br\/site\/?p=26633"},"modified":"2025-07-02T10:42:32","modified_gmt":"2025-07-02T13:42:32","slug":"obras-de-duplicacao-da-sp-258-que-liga-capao-bonito-a-itarare-devem-ter-inicio-neste-segundo-semestre-diz-giriboni","status":"publish","type":"post","link":"https:\/\/sabuguinho.com.br\/site\/obras-de-duplicacao-da-sp-258-que-liga-capao-bonito-a-itarare-devem-ter-inicio-neste-segundo-semestre-diz-giriboni\/","title":{"rendered":"Obras de duplica\u00e7\u00e3o da SP-258 que liga Cap\u00e3o Bonito \u00e0 Itarar\u00e9 devem ter in\u00edcio neste segundo semestre diz Giriboni"},"content":{"rendered":"<p>Uma das principais rodovias de liga\u00e7\u00e3o do Sudoeste Paulista vai ser duplicada. O governador do Estado de S\u00e3o Paulo, Tarc\u00edsio de Freitas, anunciou ao deputado estadual Edson Giriboni, que essa conquista vai oferecer mais seguran\u00e7a e mais fluidez para moradores e motoristas que utilizam a Rodovia Francisco Alves Negr\u00e3o, SP 258, que liga Cap\u00e3o Bonito \u00e0 Itarar\u00e9.<br \/>\n\u201cEssa duplica\u00e7\u00e3o \u00e9 um pedido antigo meu como deputado estadual. Vai beneficiar tamb\u00e9m as cidades de Buri, Taquariva\u00ed, Itapeva e Itaber\u00e1. Nosso governador falou que as obras de remodela\u00e7\u00e3o devem iniciar neste segundo semestre que estamos iniciando\u201d, falou Giriboni.<br \/>\nEm Cap\u00e3o Bonito, o deputado estadual esteve com o prefeito J\u00falio Fernando que salientou que essa duplica\u00e7\u00e3o \u00e9 um antigo pedido do parlamentar. \u201cA duplica\u00e7\u00e3o \u00e9 essencial para a regi\u00e3o que abrange v\u00e1rias cidades. Vai reduzir o n\u00famero de acidentes e impulsionar o desenvolvimento econ\u00f4mico, j\u00e1 que o agroneg\u00f3cio \u00e9 muito forte em nossa regi\u00e3o, que serve de escoamento para outros estados do Brasil\u201d, citou o chefe do Executivo.<br \/>\nAl\u00e9m da importante duplica\u00e7\u00e3o, o prefeito J\u00falio Fernando lembrou que o deputado Giriboni destinou emenda para a duplica\u00e7\u00e3o da entrada de Cap\u00e3o Bonito, al\u00e9m de melhorias para o bairro Santa Isabel que nem \u00e1gua possu\u00eda. \u201cGra\u00e7as ao trabalho do Giriboni, que desde quando era secret\u00e1rio Estadual de Saneamento, investiu em nossa cidade. Hoje, at\u00e9 uma Unidade B\u00e1sica de Sa\u00fade estamos construindo no bairro, para oferecer mais dignidade. Tudo com emenda do Giriboni. Obrigado pela contribui\u00e7\u00e3o e parceria\u201d, finalizou J\u00falio.<br \/>\n\u201cMuito obrigado pelas palavras meu amigo e prefeito Julio Fernando. \u00c9 sempre uma honra ter encontros como este que simbolizam di\u00e1logo, trabalho e compromisso\u201d, disse o deputado Edson Giriboni.<\/p>\n<p>Edson Giriboni<br \/>\nDeputado Estadual<\/p>\n","protected":false},"excerpt":{"rendered":"<p>Uma das principais rodovias de liga\u00e7\u00e3o do Sudoeste Paulista vai ser duplicada. O governador do Estado de S\u00e3o Paulo, Tarc\u00edsio de Freitas, anunciou ao deputado estadual Edson Giriboni, que essa conquista vai oferecer mais seguran\u00e7a e mais fluidez para moradores e motoristas que utilizam a Rodovia Francisco Alves Negr\u00e3o, SP 258, que liga Cap\u00e3o Bonito [&hellip;]<\/p>\n","protected":false},"author":2,"featured_media":26634,"comment_status":"open","ping_status":"open","sticky":false,"template":"","format":"standard","meta":{"footnotes":""},"categories":[1],"tags":[],"_links":{"self":[{"href":"https:\/\/sabuguinho.com.br\/site\/wp-json\/wp\/v2\/posts\/26633"}],"collection":[{"href":"https:\/\/sabuguinho.com.br\/site\/wp-json\/wp\/v2\/posts"}],"about":[{"href":"https:\/\/sabuguinho.com.br\/site\/wp-json\/wp\/v2\/types\/post"}],"author":[{"embeddable":true,"href":"https:\/\/sabuguinho.com.br\/site\/wp-json\/wp\/v2\/users\/2"}],"replies":[{"embeddable":true,"href":"https:\/\/sabuguinho.com.br\/site\/wp-json\/wp\/v2\/comments?post=26633"}],"version-history":[{"count":1,"href":"https:\/\/sabuguinho.com.br\/site\/wp-json\/wp\/v2\/posts\/26633\/revisions"}],"predecessor-version":[{"id":26635,"href":"https:\/\/sabuguinho.com.br\/site\/wp-json\/wp\/v2\/posts\/26633\/revisions\/26635"}],"wp:featuredmedia":[{"embeddable":true,"href":"https:\/\/sabuguinho.com.br\/site\/wp-json\/wp\/v2\/media\/26634"}],"wp:attachment":[{"href":"https:\/\/sabuguinho.com.br\/site\/wp-json\/wp\/v2\/media?parent=26633"}],"wp:term":[{"taxonomy":"category","embeddable":true,"href":"https:\/\/sabuguinho.com.br\/site\/wp-json\/wp\/v2\/categories?post=26633"},{"taxonomy":"post_tag","embeddable":true,"href":"https:\/\/sabuguinho.com.br\/site\/wp-json\/wp\/v2\/tags?post=26633"}],"curies":[{"name":"wp","href":"https:\/\/api.w.org\/{rel}","templated":true}]}}