{"id":26568,"date":"2025-07-01T11:42:09","date_gmt":"2025-07-01T14:42:09","guid":{"rendered":"https:\/\/sabuguinho.com.br\/site\/?p=26568"},"modified":"2025-07-01T11:42:09","modified_gmt":"2025-07-01T14:42:09","slug":"profissional-de-saude-e-afastado-por-suspeita-de-estupro-no-ps-de-avare","status":"publish","type":"post","link":"https:\/\/sabuguinho.com.br\/site\/profissional-de-saude-e-afastado-por-suspeita-de-estupro-no-ps-de-avare\/","title":{"rendered":"Profissional de sa\u00fade \u00e9 afastado por suspeita de estupro no PS de Avar\u00e9"},"content":{"rendered":"<p>Um profissional da sa\u00fade foi preso em flagrante, na noite deste domingo (29), suspeito de cometer o crime de estupro de vulner\u00e1vel durante atendimento no pronto-socorro de Avar\u00e9 (SP).<br \/>\nDe acordo com o boletim de ocorr\u00eancia, a m\u00e3e levou a crian\u00e7a com febre para atendimento no Pronto-Socorro de Avar\u00e9 (SP), onde foram receitados exames e medicamentos.<br \/>\nAinda segundo o boletim, durante o atendimento, a m\u00e3e percebeu manchas vermelhas na pele da crian\u00e7a e avisou a equipe de enfermagem. As duas foram levadas a uma sala para avalia\u00e7\u00e3o.<br \/>\nNa sala, o profissional de sa\u00fade teria tocado a crian\u00e7a diretamente e exposto \u00e1reas \u00edntimas do corpo, o que, segundo o registro policial, gerou constrangimento \u00e0 menina e \u00e0 m\u00e3e. A conduta foi relatada como viola\u00e7\u00e3o da dignidade da menor.<br \/>\nA m\u00e3e denunciou o caso \u00e0 Delegacia Seccional de Pol\u00edcia de Avar\u00e9, onde a ocorr\u00eancia foi registrada como estupro de vulner\u00e1vel. A Pol\u00edcia Civil investiga as circunst\u00e2ncias da conduta do profissional. O homem passou por audi\u00eancia de cust\u00f3dia na manh\u00e3 desta segunda-feira (30) e foi liberado pela Justi\u00e7a.<br \/>\nEm nota, a Secretaria Municipal da Sa\u00fade do munic\u00edpio informou que o profissional foi afastado do cargo, que provid\u00eancias cab\u00edveis foram tomadas e o caso segue sendo acompanhado.<\/p>\n<p>legenda: Caso foi registrado como estupro de vulner\u00e1vel e \u00e9 investigado pela Pol\u00edcia Civil; homem passou por audi\u00eancia de cust\u00f3dia e foi liberado pela Justi\u00e7a<\/p>\n<p>Fonte da Foto: Internet Ilustrativa<\/p>\n","protected":false},"excerpt":{"rendered":"<p>Um profissional da sa\u00fade foi preso em flagrante, na noite deste domingo (29), suspeito de cometer o crime de estupro de vulner\u00e1vel durante atendimento no pronto-socorro de Avar\u00e9 (SP). De acordo com o boletim de ocorr\u00eancia, a m\u00e3e levou a crian\u00e7a com febre para atendimento no Pronto-Socorro de Avar\u00e9 (SP), onde foram receitados exames e [&hellip;]<\/p>\n","protected":false},"author":2,"featured_media":26569,"comment_status":"open","ping_status":"open","sticky":false,"template":"","format":"standard","meta":{"footnotes":""},"categories":[58],"tags":[],"_links":{"self":[{"href":"https:\/\/sabuguinho.com.br\/site\/wp-json\/wp\/v2\/posts\/26568"}],"collection":[{"href":"https:\/\/sabuguinho.com.br\/site\/wp-json\/wp\/v2\/posts"}],"about":[{"href":"https:\/\/sabuguinho.com.br\/site\/wp-json\/wp\/v2\/types\/post"}],"author":[{"embeddable":true,"href":"https:\/\/sabuguinho.com.br\/site\/wp-json\/wp\/v2\/users\/2"}],"replies":[{"embeddable":true,"href":"https:\/\/sabuguinho.com.br\/site\/wp-json\/wp\/v2\/comments?post=26568"}],"version-history":[{"count":1,"href":"https:\/\/sabuguinho.com.br\/site\/wp-json\/wp\/v2\/posts\/26568\/revisions"}],"predecessor-version":[{"id":26570,"href":"https:\/\/sabuguinho.com.br\/site\/wp-json\/wp\/v2\/posts\/26568\/revisions\/26570"}],"wp:featuredmedia":[{"embeddable":true,"href":"https:\/\/sabuguinho.com.br\/site\/wp-json\/wp\/v2\/media\/26569"}],"wp:attachment":[{"href":"https:\/\/sabuguinho.com.br\/site\/wp-json\/wp\/v2\/media?parent=26568"}],"wp:term":[{"taxonomy":"category","embeddable":true,"href":"https:\/\/sabuguinho.com.br\/site\/wp-json\/wp\/v2\/categories?post=26568"},{"taxonomy":"post_tag","embeddable":true,"href":"https:\/\/sabuguinho.com.br\/site\/wp-json\/wp\/v2\/tags?post=26568"}],"curies":[{"name":"wp","href":"https:\/\/api.w.org\/{rel}","templated":true}]}}