{"id":26539,"date":"2025-06-30T16:45:34","date_gmt":"2025-06-30T19:45:34","guid":{"rendered":"https:\/\/sabuguinho.com.br\/site\/?p=26539"},"modified":"2025-06-30T16:45:34","modified_gmt":"2025-06-30T19:45:34","slug":"furto-qualificado-na-avenida-getulio-vargas-em-avare","status":"publish","type":"post","link":"https:\/\/sabuguinho.com.br\/site\/furto-qualificado-na-avenida-getulio-vargas-em-avare\/","title":{"rendered":"Furto qualificado na Avenida Get\u00falio Vargas em Avar\u00e9"},"content":{"rendered":"<p>Durante patrulhamento pela Avenida Get\u00falio Vargas, a equipe deparou com o condutor de uma motocicleta (motot\u00e1xi) transportando um passageiro que trazia consigo uma \u201ctrouxa\u201d de tecido com v\u00e1rios objetos acondicionados. Realizada a abordagem foi constatado que o passageiro, um indiv\u00edduo 24 anos, este conhecido no meio policial pela pr\u00e1tica de furto, carregava diversas pe\u00e7as de metais, sendo torneiras, hidr\u00f4metros e outras, al\u00e9m de pe\u00e7as de cobre envoltas em um tecido. Indagado sobre a proced\u00eancia,  o homem informou que havia subtra\u00eddo os objetos de locais distintos, dentre eles, estava um antigo e desativado posto de combust\u00edveis localizado na rua Santa Catarina. No referido local, foi constatado pela equipe uma das portas arrombadas e a falta de torneiras do banheiro e do tanque de lavar roupas. O local foi periciado. Em contato com um funcion\u00e1rio da empresa SABESP,  esse realizou a consulta do n\u00famero de tr\u00eas hidr\u00f4metros que estavam entre os objetos, constatando que pertenciam a resid\u00eancias situadas no bairro Centro e Altos da Boa Vista. O homem foi preso em Flagrante delito pelo crime de Furto qualificado e permaneceu \u00e0 disposi\u00e7\u00e3o da justi\u00e7a.<br \/>\nDurante a apresenta\u00e7\u00e3o da ocorr\u00eancia compareceram ao Plant\u00e3o Policial 03 (tr\u00eas) v\u00edtimas de furto de hidr\u00f4metros,  sendo que uma delas possu\u00eda imagens de c\u00e2mera de monitoramento que identificavam como autor como sendo o detido, inclusive com as mesmas vestes deste.<\/p>\n","protected":false},"excerpt":{"rendered":"<p>Durante patrulhamento pela Avenida Get\u00falio Vargas, a equipe deparou com o condutor de uma motocicleta (motot\u00e1xi) transportando um passageiro que trazia consigo uma \u201ctrouxa\u201d de tecido com v\u00e1rios objetos acondicionados. Realizada a abordagem foi constatado que o passageiro, um indiv\u00edduo 24 anos, este conhecido no meio policial pela pr\u00e1tica de furto, carregava diversas pe\u00e7as de [&hellip;]<\/p>\n","protected":false},"author":2,"featured_media":26540,"comment_status":"open","ping_status":"open","sticky":false,"template":"","format":"standard","meta":{"footnotes":""},"categories":[52],"tags":[],"_links":{"self":[{"href":"https:\/\/sabuguinho.com.br\/site\/wp-json\/wp\/v2\/posts\/26539"}],"collection":[{"href":"https:\/\/sabuguinho.com.br\/site\/wp-json\/wp\/v2\/posts"}],"about":[{"href":"https:\/\/sabuguinho.com.br\/site\/wp-json\/wp\/v2\/types\/post"}],"author":[{"embeddable":true,"href":"https:\/\/sabuguinho.com.br\/site\/wp-json\/wp\/v2\/users\/2"}],"replies":[{"embeddable":true,"href":"https:\/\/sabuguinho.com.br\/site\/wp-json\/wp\/v2\/comments?post=26539"}],"version-history":[{"count":1,"href":"https:\/\/sabuguinho.com.br\/site\/wp-json\/wp\/v2\/posts\/26539\/revisions"}],"predecessor-version":[{"id":26541,"href":"https:\/\/sabuguinho.com.br\/site\/wp-json\/wp\/v2\/posts\/26539\/revisions\/26541"}],"wp:featuredmedia":[{"embeddable":true,"href":"https:\/\/sabuguinho.com.br\/site\/wp-json\/wp\/v2\/media\/26540"}],"wp:attachment":[{"href":"https:\/\/sabuguinho.com.br\/site\/wp-json\/wp\/v2\/media?parent=26539"}],"wp:term":[{"taxonomy":"category","embeddable":true,"href":"https:\/\/sabuguinho.com.br\/site\/wp-json\/wp\/v2\/categories?post=26539"},{"taxonomy":"post_tag","embeddable":true,"href":"https:\/\/sabuguinho.com.br\/site\/wp-json\/wp\/v2\/tags?post=26539"}],"curies":[{"name":"wp","href":"https:\/\/api.w.org\/{rel}","templated":true}]}}