{"id":26534,"date":"2025-06-30T15:51:00","date_gmt":"2025-06-30T18:51:00","guid":{"rendered":"https:\/\/sabuguinho.com.br\/site\/?p=26534"},"modified":"2025-06-30T15:51:00","modified_gmt":"2025-06-30T18:51:00","slug":"educacao-palestra-na-educacao-de-jovens-e-adultos-alerta-sobre-perigos-das-fake-news","status":"publish","type":"post","link":"https:\/\/sabuguinho.com.br\/site\/educacao-palestra-na-educacao-de-jovens-e-adultos-alerta-sobre-perigos-das-fake-news\/","title":{"rendered":"EDUCA\u00c7\u00c3O  Palestra na Educa\u00e7\u00e3o de Jovens e Adultos alerta sobre perigos das fake news"},"content":{"rendered":"<p>Alunos compartilharam experi\u00eancias pessoais e refletiram sobre impacto das informa\u00e7\u00f5es falsas no cotidiano<\/p>\n<p>\u201cPense antes de compartilhar: o poder da informa\u00e7\u00e3o e o perigo das fake news\u201d foi o tema da palestra ministrada no \u00faltimo dia 24 a alunos da Educa\u00e7\u00e3o de Jovens e Adultos (EJA).<br \/>\nA atividade pedag\u00f3gica conduzida pela professora Maria Eliana Castanheira Kairalah, da escola municipal Salim Antonio Curiati, tamb\u00e9m contou com a participa\u00e7\u00e3o da comunidade.<br \/>\nDurante a palestra, foram discutidos exemplos concretos sobre como identificar e combater as not\u00edcias falsas.<br \/>\nOs alunos tamb\u00e9m puderam compartilhar experi\u00eancias pessoais e refletir sobre o impacto das informa\u00e7\u00f5es falsas no cotidiano, bem como a responsabilidade de cada um ao utilizar as redes sociais.<br \/>\nA educa\u00e7\u00e3o transformadora, conectada com os desafios do mundo contempor\u00e2neo, \u00e9 um compromisso da EJA, modalidade de ensino espec\u00edfica para aqueles que n\u00e3o tiveram a oportunidade de concluir a Educa\u00e7\u00e3o B\u00e1sica.<br \/>\n\u201cAo promover esse momento de di\u00e1logo e troca, a escola refor\u00e7a a miss\u00e3o da EJA de formar sujeitos cr\u00edticos, participativos e conscientes de seu papel na sociedade, valorizando sua trajet\u00f3ria de vida e estimulando o protagonismo\u201d, destaca a Secretaria Municipal da Educa\u00e7\u00e3o.<\/p>\n<p><img loading=\"lazy\" decoding=\"async\" src=\"https:\/\/sabuguinho.com.br\/site\/wp-content\/uploads\/2025\/06\/Palestra-foi-conduzida-pela-professora-Maria-Eliana-2-150x113.jpeg\" alt=\"\" width=\"150\" height=\"113\" class=\"alignnone size-medium wp-image-26535\" srcset=\"https:\/\/sabuguinho.com.br\/site\/wp-content\/uploads\/2025\/06\/Palestra-foi-conduzida-pela-professora-Maria-Eliana-2-150x113.jpeg 150w, https:\/\/sabuguinho.com.br\/site\/wp-content\/uploads\/2025\/06\/Palestra-foi-conduzida-pela-professora-Maria-Eliana-2-512x384.jpeg 512w, https:\/\/sabuguinho.com.br\/site\/wp-content\/uploads\/2025\/06\/Palestra-foi-conduzida-pela-professora-Maria-Eliana-2-768x576.jpeg 768w, https:\/\/sabuguinho.com.br\/site\/wp-content\/uploads\/2025\/06\/Palestra-foi-conduzida-pela-professora-Maria-Eliana-2-750x563.jpeg 750w, https:\/\/sabuguinho.com.br\/site\/wp-content\/uploads\/2025\/06\/Palestra-foi-conduzida-pela-professora-Maria-Eliana-2-1140x855.jpeg 1140w, https:\/\/sabuguinho.com.br\/site\/wp-content\/uploads\/2025\/06\/Palestra-foi-conduzida-pela-professora-Maria-Eliana-2.jpeg 1280w\" sizes=\"(max-width: 150px) 100vw, 150px\" \/><\/p>\n","protected":false},"excerpt":{"rendered":"<p>Alunos compartilharam experi\u00eancias pessoais e refletiram sobre impacto das informa\u00e7\u00f5es falsas no cotidiano \u201cPense antes de compartilhar: o poder da informa\u00e7\u00e3o e o perigo das fake news\u201d foi o tema da palestra ministrada no \u00faltimo dia 24 a alunos da Educa\u00e7\u00e3o de Jovens e Adultos (EJA). A atividade pedag\u00f3gica conduzida pela professora Maria Eliana Castanheira [&hellip;]<\/p>\n","protected":false},"author":2,"featured_media":26536,"comment_status":"open","ping_status":"open","sticky":false,"template":"","format":"standard","meta":{"footnotes":""},"categories":[58],"tags":[],"_links":{"self":[{"href":"https:\/\/sabuguinho.com.br\/site\/wp-json\/wp\/v2\/posts\/26534"}],"collection":[{"href":"https:\/\/sabuguinho.com.br\/site\/wp-json\/wp\/v2\/posts"}],"about":[{"href":"https:\/\/sabuguinho.com.br\/site\/wp-json\/wp\/v2\/types\/post"}],"author":[{"embeddable":true,"href":"https:\/\/sabuguinho.com.br\/site\/wp-json\/wp\/v2\/users\/2"}],"replies":[{"embeddable":true,"href":"https:\/\/sabuguinho.com.br\/site\/wp-json\/wp\/v2\/comments?post=26534"}],"version-history":[{"count":1,"href":"https:\/\/sabuguinho.com.br\/site\/wp-json\/wp\/v2\/posts\/26534\/revisions"}],"predecessor-version":[{"id":26537,"href":"https:\/\/sabuguinho.com.br\/site\/wp-json\/wp\/v2\/posts\/26534\/revisions\/26537"}],"wp:featuredmedia":[{"embeddable":true,"href":"https:\/\/sabuguinho.com.br\/site\/wp-json\/wp\/v2\/media\/26536"}],"wp:attachment":[{"href":"https:\/\/sabuguinho.com.br\/site\/wp-json\/wp\/v2\/media?parent=26534"}],"wp:term":[{"taxonomy":"category","embeddable":true,"href":"https:\/\/sabuguinho.com.br\/site\/wp-json\/wp\/v2\/categories?post=26534"},{"taxonomy":"post_tag","embeddable":true,"href":"https:\/\/sabuguinho.com.br\/site\/wp-json\/wp\/v2\/tags?post=26534"}],"curies":[{"name":"wp","href":"https:\/\/api.w.org\/{rel}","templated":true}]}}