{"id":26523,"date":"2025-06-30T14:00:29","date_gmt":"2025-06-30T17:00:29","guid":{"rendered":"https:\/\/sabuguinho.com.br\/site\/?p=26523"},"modified":"2025-06-30T14:00:29","modified_gmt":"2025-06-30T17:00:29","slug":"rua-sergio-bernardino-ganha-sentido-unico-a-partir-de-terca-feira-1o-de-julho","status":"publish","type":"post","link":"https:\/\/sabuguinho.com.br\/site\/rua-sergio-bernardino-ganha-sentido-unico-a-partir-de-terca-feira-1o-de-julho\/","title":{"rendered":"Rua S\u00e9rgio Bernardino ganha sentido \u00fanico a partir de ter\u00e7a-feira, 1\u00ba de julho"},"content":{"rendered":"<p>Mudan\u00e7a vai melhorar tr\u00e2nsito na via estreita, que n\u00e3o comporta fluxo nos dois sentidos, destaca DEMUTRAN<\/p>\n<p>Por: REDA\u00c7\u00c3O | SECOM.<\/p>\n<p>A partir de ter\u00e7a-feira, 1\u00ba de julho, a Rua S\u00e9rgio Bernardino passa a ter sentido \u00fanico no trecho entre a Rua Mato Grosso e a Avenida Prefeito Paulo Ara\u00fajo Novaes.<br \/>\nCom a altera\u00e7\u00e3o, o sentido correto de circula\u00e7\u00e3o \u00e9 da Rua Mato Grosso para a Avenida Paulo Novaes, ou seja, bairro\/centro.<br \/>\nO Departamento Municipal de Tr\u00e2nsito (DEMUTRAN) afirma que a mudan\u00e7a vai melhorar o tr\u00e2nsito na via.<br \/>\n\u201cA rua em quest\u00e3o \u00e9 estreita, n\u00e3o comportando tr\u00e1fego nos dois sentidos e estacionamento dos dois lados\u201d, destaca o \u00f3rg\u00e3o.<\/p>\n<p>Estudos<\/p>\n<p>A Secretaria Municipal de Transporte e Mobilidade informa ainda que segue fazendo estudos e ouvindo a popula\u00e7\u00e3o em busca de melhorias para agilizar o tr\u00e2nsito e garantir a seguran\u00e7a de motoristas e pedestres.<\/p>\n","protected":false},"excerpt":{"rendered":"<p>Mudan\u00e7a vai melhorar tr\u00e2nsito na via estreita, que n\u00e3o comporta fluxo nos dois sentidos, destaca DEMUTRAN Por: REDA\u00c7\u00c3O | SECOM. A partir de ter\u00e7a-feira, 1\u00ba de julho, a Rua S\u00e9rgio Bernardino passa a ter sentido \u00fanico no trecho entre a Rua Mato Grosso e a Avenida Prefeito Paulo Ara\u00fajo Novaes. Com a altera\u00e7\u00e3o, o sentido [&hellip;]<\/p>\n","protected":false},"author":2,"featured_media":26524,"comment_status":"open","ping_status":"open","sticky":false,"template":"","format":"standard","meta":{"footnotes":""},"categories":[58],"tags":[],"_links":{"self":[{"href":"https:\/\/sabuguinho.com.br\/site\/wp-json\/wp\/v2\/posts\/26523"}],"collection":[{"href":"https:\/\/sabuguinho.com.br\/site\/wp-json\/wp\/v2\/posts"}],"about":[{"href":"https:\/\/sabuguinho.com.br\/site\/wp-json\/wp\/v2\/types\/post"}],"author":[{"embeddable":true,"href":"https:\/\/sabuguinho.com.br\/site\/wp-json\/wp\/v2\/users\/2"}],"replies":[{"embeddable":true,"href":"https:\/\/sabuguinho.com.br\/site\/wp-json\/wp\/v2\/comments?post=26523"}],"version-history":[{"count":1,"href":"https:\/\/sabuguinho.com.br\/site\/wp-json\/wp\/v2\/posts\/26523\/revisions"}],"predecessor-version":[{"id":26525,"href":"https:\/\/sabuguinho.com.br\/site\/wp-json\/wp\/v2\/posts\/26523\/revisions\/26525"}],"wp:featuredmedia":[{"embeddable":true,"href":"https:\/\/sabuguinho.com.br\/site\/wp-json\/wp\/v2\/media\/26524"}],"wp:attachment":[{"href":"https:\/\/sabuguinho.com.br\/site\/wp-json\/wp\/v2\/media?parent=26523"}],"wp:term":[{"taxonomy":"category","embeddable":true,"href":"https:\/\/sabuguinho.com.br\/site\/wp-json\/wp\/v2\/categories?post=26523"},{"taxonomy":"post_tag","embeddable":true,"href":"https:\/\/sabuguinho.com.br\/site\/wp-json\/wp\/v2\/tags?post=26523"}],"curies":[{"name":"wp","href":"https:\/\/api.w.org\/{rel}","templated":true}]}}