{"id":26176,"date":"2025-06-26T17:51:29","date_gmt":"2025-06-26T20:51:29","guid":{"rendered":"https:\/\/sabuguinho.com.br\/site\/?p=26176"},"modified":"2025-06-26T17:51:29","modified_gmt":"2025-06-26T20:51:29","slug":"sao-pedro-e-sao-paulo-apostolos-e-principais-lideres-da-igreja","status":"publish","type":"post","link":"https:\/\/sabuguinho.com.br\/site\/sao-pedro-e-sao-paulo-apostolos-e-principais-lideres-da-igreja\/","title":{"rendered":"S\u00e3o Pedro e S\u00e3o Paulo, ap\u00f3stolos e principais l\u00edderes da Igreja"},"content":{"rendered":"<p>Estes santos s\u00e3o considerados \u201cos cabe\u00e7as dos ap\u00f3stolos\u201d por terem sido os principais l\u00edderes da Igreja Crist\u00e3 Primitiva, tanto por sua f\u00e9 e prega\u00e7\u00e3o, como pelo ardor e zelo mission\u00e1rios.<\/p>\n<p>S\u00e3o Pedro, pr\u00edncipe dos Ap\u00f3stolos<\/p>\n<p>Tinha como primeiro nome Sim\u00e3o, era natural de Betsaida, irm\u00e3o do Ap\u00f3stolo Andr\u00e9. Pescador, foi chamado pelo pr\u00f3prio Jesus e, deixando tudo, seguiu o Mestre, estando presente nos momentos mais importantes da vida do Senhor, que lhe deu o nome de Pedro.<br \/>\nUm homem simples e impulsivo. Falou, muitas vezes, em nome dos Ap\u00f3stolos e n\u00e3o hesitou em pedir a Jesus explica\u00e7\u00f5es e esclarecimentos sobre sua prega\u00e7\u00e3o.<br \/>\nFoi o primeiro a responder ao Mestre: \u201cSenhor, para quem iremos? Somente tu tens palavras de vida eterna; n\u00f3s acreditamos e sabemos que \u00e9s o Santo de Deus\u201d (Jo 6,67-68) diante da pergunta que Cristo fez aos disc\u00edpulos: \u201cTamb\u00e9m voc\u00eas querem ir embora?\u201d.<\/p>\n<p>Primeiro Papa da Igreja<\/p>\n<p>Em princ\u00edpio, fraco na f\u00e9, chegou a negar Jesus durante o processo que culminaria em Sua morte por crucifix\u00e3o. O pr\u00f3prio Senhor o confirmou na f\u00e9 ap\u00f3s Sua ressurrei\u00e7\u00e3o (da qual o ap\u00f3stolo foi testemunha), tornando-o intr\u00e9pido pregador do Evangelho atrav\u00e9s da descida do Esp\u00edrito Santo de Deus, no Dia de Pentecostes, o que o tornou l\u00edder da primeira comunidade.<br \/>\nS\u00e3o Pedro \u00e9 o ap\u00f3stolo que Jesus Cristo escolheu e investiu da dignidade de ser o primeiro Papa da Igreja. \u201cE eu te digo: Tu \u00e9s pedra e sobre esta pedra edificarei a minha igreja, e as portas do inferno n\u00e3o prevalecer\u00e3o contra ela. E eu te darei as chaves do reino dos c\u00e9us; e tudo o que ligares sobre a terra, ser\u00e1 ligado tamb\u00e9m nos c\u00e9us.\u201d<br \/>\nS\u00e3o Pedro \u00e9 o pastor do rebanho santo, \u00e9 na sua pessoa e nos seus sucessores que temos o sinal vis\u00edvel da unidade e da comunh\u00e3o na f\u00e9 e na caridade.<\/p>\n<p>Mart\u00edrio<\/p>\n<p>Pregou no Dia de Pentecostes e selou seu apostolado com o pr\u00f3prio sangue, pois foi martirizado em uma das persegui\u00e7\u00f5es aos crist\u00e3os, sendo crucificado de cabe\u00e7a para baixo a seu pr\u00f3prio pedido, por n\u00e3o se julgar digno de morrer como seu Senhor, Jesus Cristo. Escreveu duas Ep\u00edstolas e, provavelmente, foi a fonte de informa\u00e7\u00f5es para que S\u00e3o Marcos escrevesse seu Evangelho.<\/p>\n<p>S\u00e3o Paulo<\/p>\n<p>Saulo era natural de Tarso. Recebeu educa\u00e7\u00e3o esmerada \u201caos p\u00e9s de Gamaliel\u201d, um dos grandes mestres da Lei na \u00e9poca. Tornou-se fariseu zeloso, a ponto de perseguir e aprisionar os crist\u00e3os, sendo respons\u00e1vel pela morte de muitos deles.<\/p>\n<p>De perseguidor crist\u00e3o \u00e0 convers\u00e3o <\/p>\n<p>Converteu-se \u00e0 f\u00e9 crist\u00e3, enquanto perseguia os crist\u00e3os, no caminho de Damasco, quando o pr\u00f3prio Senhor Ressuscitado lhe apareceu e o chamou para o apostolado:  \u201cSaulo, Saulo, por que voc\u00ea me persegue?\u201d. Recebeu o batismo do Esp\u00edrito Santo e preparou-se para o minist\u00e9rio.<br \/>\nDesde ent\u00e3o, converteu-se e come\u00e7ou a pregar o Cristianismo, viajando pelo mundo, pregando o Evangelho de Jesus Cristo e o mist\u00e9rio de Sua Paix\u00e3o, Morte e Ressurrei\u00e7\u00e3o.<\/p>\n<p>Ap\u00f3stolo das Gentes<\/p>\n<p>Tornou-se um grande mission\u00e1rio e doutrinador, fundando muitas comunidades.<br \/>\nDe perseguidor passou a perseguido, sofreu muito pela f\u00e9 e foi coroado com o mart\u00edrio, sofrendo morte por decapita\u00e7\u00e3o. Escreveu treze Ep\u00edstolas e ficou conhecido como o \u201cAp\u00f3stolo dos Gentios\u201d.<\/p>\n<p>A minha ora\u00e7\u00e3o<\/p>\n<p>\u201cSenhor, hoje, eu quero Te pedir por toda a Santa Igreja Cat\u00f3lica. Que, pela intercess\u00e3o de S\u00e3o Pedro e S\u00e3o Paulo, colunas da Igreja, possamos ser sempre fi\u00e9is \u00e0 f\u00e9 e \u00e0 doutrina que o pr\u00f3prio Cristo nos deixou. Am\u00e9m!\u201d<\/p>\n<p>S\u00e3o Pedro e S\u00e3o Paulo, rogai por n\u00f3s!<\/p>\n<p>Outros santos e beatos celebrados em 29 de junho:<\/p>\n<p>Em G\u00e9nova, na Lig\u00faria, regi\u00e3o da It\u00e1lia, S\u00e3o Siro, que \u00e9 venerado como bispo. (\u2020 c. 330)<br \/>\nEm N\u00e1rni, na \u00dambria, tamb\u00e9m regi\u00e3o da It\u00e1lia, S\u00e3o C\u00e1ssio, bispo, o qual, como narra o papa S\u00e3o Greg\u00f3rio Magno, oferecia todos os dias o sacrif\u00edcio de expia\u00e7\u00e3o todo banhado em l\u00e1grimas e dava em esmolas tudo o que tinha. Finalmente, no dia dos santos Ap\u00f3stolos, em que todos os anos costumava ir a Roma, quando celebrava a Missa na sua cidade e distribu\u00eda a todos o Corpo de Cristo, partiu ao encontro do Senhor. (\u2020 558)<br \/>\nEm Gurk, na Car\u00edntia, actualmente na \u00c1ustria, Santa Ema, uma condessa que viveu vi\u00fava quarenta anos e deu generosamente muitos dos seus bens aos pobres e \u00e0 Igreja. (\u2020 c. 1045)<br \/>\nNum bra\u00e7o de mar frente \u00e0 ilha Maiorca, regi\u00e3o da Espanha, o Beato Raimundo L\u00falio, religioso da Ordem Terceira de S\u00e3o Francisco e m\u00e1rtir, homem de grande cultura e eminente doutrina, que estabeleceu um di\u00e1logo fraterno com os Sarracenos, para lhes anunciar o Evangelho de Cristo. (\u2020 1316)<br \/>\nNo territ\u00f3rio de Xiaoluyi, junto de Shenxian, no Hebei, prov\u00edncia da China, os santos m\u00e1rtires Paulo Wu Juan e seu filho Jo\u00e3o Baptista Wu Mantang e seu sobrinho Paulo Wu Wanshu, que, durante a persegui\u00e7\u00e3o dos Yihetuan, porque se declararam crist\u00e3os, mereceram todos ao mesmo tempo a coroa do mart\u00edrio. (\u2020 1900)<br \/>\nEm Dujiadun, um vilarejo na prov\u00edncia chinesa do Hebei, as santas Maria Du Tianshi e sua filha Madalena Du Fengju, m\u00e1rtires, que, na mesma persegui\u00e7\u00e3o, retiradas de um canavial onde se tinham escondido, morreram pelo nome crist\u00e3o, sendo a segunda encerrada no sepulcro ainda viva. (\u2020 1900)<\/p>\n<p>Fontes:<br \/>\nMartirol\u00f3gio Romano<br \/>\ncancaonova.com<br \/>\nArquisp<br \/>\nLivro \u201cSantos de cada ia II\u201d \u2013 Maio \u2013 Agosto (4\u00aa ed.) \u2013 Jos\u00e9 Leite, S.J. (Org.)<br \/>\n\u2013 Pesquisa e reda\u00e7\u00e3o: Catarina Xavier \u2013 Comunidade Can\u00e7\u00e3o Nova<\/p>\n","protected":false},"excerpt":{"rendered":"<p>Estes santos s\u00e3o considerados \u201cos cabe\u00e7as dos ap\u00f3stolos\u201d por terem sido os principais l\u00edderes da Igreja Crist\u00e3 Primitiva, tanto por sua f\u00e9 e prega\u00e7\u00e3o, como pelo ardor e zelo mission\u00e1rios. S\u00e3o Pedro, pr\u00edncipe dos Ap\u00f3stolos Tinha como primeiro nome Sim\u00e3o, era natural de Betsaida, irm\u00e3o do Ap\u00f3stolo Andr\u00e9. Pescador, foi chamado pelo pr\u00f3prio Jesus e, [&hellip;]<\/p>\n","protected":false},"author":2,"featured_media":26179,"comment_status":"open","ping_status":"open","sticky":false,"template":"","format":"standard","meta":{"footnotes":""},"categories":[57],"tags":[],"class_list":["post-26176","post","type-post","status-publish","format-standard","has-post-thumbnail","hentry","category-destaque"],"_links":{"self":[{"href":"https:\/\/sabuguinho.com.br\/site\/wp-json\/wp\/v2\/posts\/26176","targetHints":{"allow":["GET"]}}],"collection":[{"href":"https:\/\/sabuguinho.com.br\/site\/wp-json\/wp\/v2\/posts"}],"about":[{"href":"https:\/\/sabuguinho.com.br\/site\/wp-json\/wp\/v2\/types\/post"}],"author":[{"embeddable":true,"href":"https:\/\/sabuguinho.com.br\/site\/wp-json\/wp\/v2\/users\/2"}],"replies":[{"embeddable":true,"href":"https:\/\/sabuguinho.com.br\/site\/wp-json\/wp\/v2\/comments?post=26176"}],"version-history":[{"count":1,"href":"https:\/\/sabuguinho.com.br\/site\/wp-json\/wp\/v2\/posts\/26176\/revisions"}],"predecessor-version":[{"id":26180,"href":"https:\/\/sabuguinho.com.br\/site\/wp-json\/wp\/v2\/posts\/26176\/revisions\/26180"}],"wp:featuredmedia":[{"embeddable":true,"href":"https:\/\/sabuguinho.com.br\/site\/wp-json\/wp\/v2\/media\/26179"}],"wp:attachment":[{"href":"https:\/\/sabuguinho.com.br\/site\/wp-json\/wp\/v2\/media?parent=26176"}],"wp:term":[{"taxonomy":"category","embeddable":true,"href":"https:\/\/sabuguinho.com.br\/site\/wp-json\/wp\/v2\/categories?post=26176"},{"taxonomy":"post_tag","embeddable":true,"href":"https:\/\/sabuguinho.com.br\/site\/wp-json\/wp\/v2\/tags?post=26176"}],"curies":[{"name":"wp","href":"https:\/\/api.w.org\/{rel}","templated":true}]}}