{"id":26165,"date":"2025-06-26T16:59:27","date_gmt":"2025-06-26T19:59:27","guid":{"rendered":"https:\/\/sabuguinho.com.br\/site\/?p=26165"},"modified":"2025-06-26T16:59:27","modified_gmt":"2025-06-26T19:59:27","slug":"coral-municipal-celebra-15-anos-com-show-beneficente-no-dia-1o-de-julho","status":"publish","type":"post","link":"https:\/\/sabuguinho.com.br\/site\/coral-municipal-celebra-15-anos-com-show-beneficente-no-dia-1o-de-julho\/","title":{"rendered":"Coral Municipal celebra 15 anos com show beneficente no dia 1\u00ba de julho"},"content":{"rendered":"<p>Entrada \u00e9 gratuita, mas p\u00fablico \u00e9 convidado a doar um agasalho para a\u00e7\u00f5es sociais do munic\u00edpio<\/p>\n<p>Por: REDA\u00c7\u00c3O | SECOM.<\/p>\n<p>O Coral Municipal de Avar\u00e9 comemora 15 anos de trajet\u00f3ria com uma apresenta\u00e7\u00e3o especial na ter\u00e7a-feira, 1\u00ba de julho, \u00e0s 19h30, no Centro Cultural Esther Pires Novaes.<br \/>\nA entrada \u00e9 gratuita, mas o p\u00fablico \u00e9 convidado a doar um agasalho, que ser\u00e1 destinado a a\u00e7\u00f5es solid\u00e1rias da cidade.<br \/>\nA atra\u00e7\u00e3o conta com o apoio da Secretaria Municipal da Cultura, que incentiva a participa\u00e7\u00e3o da comunidade nesse marco da m\u00fasica local.<br \/>\n\u201cA apresenta\u00e7\u00e3o promete um repert\u00f3rio variado que destaca a evolu\u00e7\u00e3o do grupo ao longo de sua trajet\u00f3ria, reunindo vozes de diferentes gera\u00e7\u00f5es\u201d, destaca a pasta.<br \/>\nO evento tamb\u00e9m refor\u00e7a a import\u00e2ncia das express\u00f5es art\u00edsticas da cidade, promovendo inclus\u00e3o, bem-estar e o fortalecimento da identidade cultural de Avar\u00e9. O Centro Cultural fica na Rua Cear\u00e1, n\u00ba 1507.<\/p>\n<p>O Coral<\/p>\n<p>O Coral Municipal \u00e9 um projeto da Secretaria Municipal da Cultura sob reg\u00eancia do m\u00fasico Fred Correa.<br \/>\nComposto por integrantes de v\u00e1rias faixas et\u00e1rias, o grupo realiza ensaios regulares, apresenta\u00e7\u00f5es em a\u00e7\u00f5es sociais e eventos oficiais da Prefeitura de Avar\u00e9. Mais informa\u00e7\u00f5es podem ser obtidas pelo telefone (14) 3733-5420.<\/p>\n","protected":false},"excerpt":{"rendered":"<p>Entrada \u00e9 gratuita, mas p\u00fablico \u00e9 convidado a doar um agasalho para a\u00e7\u00f5es sociais do munic\u00edpio Por: REDA\u00c7\u00c3O | SECOM. O Coral Municipal de Avar\u00e9 comemora 15 anos de trajet\u00f3ria com uma apresenta\u00e7\u00e3o especial na ter\u00e7a-feira, 1\u00ba de julho, \u00e0s 19h30, no Centro Cultural Esther Pires Novaes. A entrada \u00e9 gratuita, mas o p\u00fablico \u00e9 [&hellip;]<\/p>\n","protected":false},"author":2,"featured_media":26166,"comment_status":"open","ping_status":"open","sticky":false,"template":"","format":"standard","meta":{"footnotes":""},"categories":[58],"tags":[],"class_list":["post-26165","post","type-post","status-publish","format-standard","has-post-thumbnail","hentry","category-noticias-locais"],"_links":{"self":[{"href":"https:\/\/sabuguinho.com.br\/site\/wp-json\/wp\/v2\/posts\/26165","targetHints":{"allow":["GET"]}}],"collection":[{"href":"https:\/\/sabuguinho.com.br\/site\/wp-json\/wp\/v2\/posts"}],"about":[{"href":"https:\/\/sabuguinho.com.br\/site\/wp-json\/wp\/v2\/types\/post"}],"author":[{"embeddable":true,"href":"https:\/\/sabuguinho.com.br\/site\/wp-json\/wp\/v2\/users\/2"}],"replies":[{"embeddable":true,"href":"https:\/\/sabuguinho.com.br\/site\/wp-json\/wp\/v2\/comments?post=26165"}],"version-history":[{"count":1,"href":"https:\/\/sabuguinho.com.br\/site\/wp-json\/wp\/v2\/posts\/26165\/revisions"}],"predecessor-version":[{"id":26167,"href":"https:\/\/sabuguinho.com.br\/site\/wp-json\/wp\/v2\/posts\/26165\/revisions\/26167"}],"wp:featuredmedia":[{"embeddable":true,"href":"https:\/\/sabuguinho.com.br\/site\/wp-json\/wp\/v2\/media\/26166"}],"wp:attachment":[{"href":"https:\/\/sabuguinho.com.br\/site\/wp-json\/wp\/v2\/media?parent=26165"}],"wp:term":[{"taxonomy":"category","embeddable":true,"href":"https:\/\/sabuguinho.com.br\/site\/wp-json\/wp\/v2\/categories?post=26165"},{"taxonomy":"post_tag","embeddable":true,"href":"https:\/\/sabuguinho.com.br\/site\/wp-json\/wp\/v2\/tags?post=26165"}],"curies":[{"name":"wp","href":"https:\/\/api.w.org\/{rel}","templated":true}]}}